{"id":1089,"date":"2025-02-25T07:35:36","date_gmt":"2025-02-25T07:35:36","guid":{"rendered":"https:\/\/obiectiv-valcean.ro\/?p=1089"},"modified":"2025-02-25T07:35:36","modified_gmt":"2025-02-25T07:35:36","slug":"adrian-mitrache-este-constient-de-avantajele-economice-ale-comunei-golesti-si-vrea-sa-le-fructifice","status":"publish","type":"post","link":"https:\/\/obiectiv-valcean.ro\/index.php\/2025\/02\/25\/adrian-mitrache-este-constient-de-avantajele-economice-ale-comunei-golesti-si-vrea-sa-le-fructifice\/","title":{"rendered":"Adrian Mitrache este con\u0219tient de avantajele economice ale comunei Gole\u0219ti \u0219i vrea s\u0103 le fructifice"},"content":{"rendered":"<p>S\u0103 ai o localitate aflat\u0103 la aproximativ 10 km de Autostrada Sibiu &#8211; Pite\u0219ti, spune Adrian Mitrache \u0219i s\u0103 nu dezvol\u021bi o strategie pentru a dezvoltare, ar fi p\u0103cat.<\/p>\n<p>\u201dClar, strategia comunei Gole\u0219ti, la care lucr\u0103m pe zona asta va fi focusat\u0103. Dezvoltarea comunei Gole\u0219ti strict legat\u0103 de Autostrada Sibiu &#8211; Pite\u0219ti. Un sprijin total pentru investitori. Atragere aici a companiilor rom\u00e2ne\u0219ti \u0219i cu capital str\u0103in, zona de logistic\u0103, de mic\u0103 produc\u021bie, de alimenta\u021bie public\u0103, de servicii. Zone de curierat, de transport, parte de reprezentan\u021be, \u00een Gole\u0219ti se preteaz\u0103 orice tip de investi\u021bie\u201d, spune primarul Mitrache.<\/p>\n<p>Edilul consider\u0103 c\u0103 un astfel de construct economic va duce la cre\u0219tere a nivelului de trai, a joburilor din zon\u0103, a veniturilor bugetare.<\/p>\n<p>\u201dAvem multe proiecte \u0219i care cer finan\u021b\u0103ri uria\u0219e, cum ar fi \u0219coala. Avem proiectele de drumuri, atragem multe fonduri dar \u0219i contribu\u021bia prim\u0103riei este una destul de consistent\u0103. Deci targetul nostru este o dinamic\u0103 mare economic\u0103, atragerea investitorilor, independen\u021b\u0103 economic\u0103\u201d, mai spune Mitrache.<\/p>\n<p>\u0218i nu \u00een ultimul r\u00e2nd, primarul din Gole\u0219ti sper\u0103 c\u0103 din ce \u00een ce mai mul\u021bi locuitori vor veni spre Gole\u0219ti, or\u0103\u0219eni sau din alte zone care vor g\u0103si \u00een aceast\u0103 comun\u0103, un loc pl\u0103cut pentru relaxare, petru o locuin\u021b\u0103 sau o cas\u0103 de vacan\u021b\u0103.<\/p>\n","protected":false},"excerpt":{"rendered":"<p>S\u0103 ai o localitate aflat\u0103 la aproximativ 10 km de Autostrada Sibiu &#8211; Pite\u0219ti, spune Adrian Mitrache \u0219i s\u0103 nu dezvol\u021bi o strategie pentru a dezvoltare, ar fi p\u0103cat. \u201dClar, strategia comunei Gole\u0219ti, la care lucr\u0103m pe zona asta va fi focusat\u0103. Dezvoltarea comunei Gole\u0219ti strict legat\u0103 de Autostrada Sibiu &#8211; Pite\u0219ti. Un sprijin total&#8230;<\/p>\n","protected":false},"author":1,"featured_media":661,"comment_status":"open","ping_status":"open","sticky":false,"template":"","format":"standard","meta":{"footnotes":""},"categories":[3,2,5],"tags":[247],"class_list":["post-1089","post","type-post","status-publish","format-standard","has-post-thumbnail","hentry","category-actualitate","category-administratie","category-economic","tag-golesti-adrian-mitrache"],"_links":{"self":[{"href":"https:\/\/obiectiv-valcean.ro\/index.php\/wp-json\/wp\/v2\/posts\/1089","targetHints":{"allow":["GET"]}}],"collection":[{"href":"https:\/\/obiectiv-valcean.ro\/index.php\/wp-json\/wp\/v2\/posts"}],"about":[{"href":"https:\/\/obiectiv-valcean.ro\/index.php\/wp-json\/wp\/v2\/types\/post"}],"author":[{"embeddable":true,"href":"https:\/\/obiectiv-valcean.ro\/index.php\/wp-json\/wp\/v2\/users\/1"}],"replies":[{"embeddable":true,"href":"https:\/\/obiectiv-valcean.ro\/index.php\/wp-json\/wp\/v2\/comments?post=1089"}],"version-history":[{"count":1,"href":"https:\/\/obiectiv-valcean.ro\/index.php\/wp-json\/wp\/v2\/posts\/1089\/revisions"}],"predecessor-version":[{"id":1090,"href":"https:\/\/obiectiv-valcean.ro\/index.php\/wp-json\/wp\/v2\/posts\/1089\/revisions\/1090"}],"wp:featuredmedia":[{"embeddable":true,"href":"https:\/\/obiectiv-valcean.ro\/index.php\/wp-json\/wp\/v2\/media\/661"}],"wp:attachment":[{"href":"https:\/\/obiectiv-valcean.ro\/index.php\/wp-json\/wp\/v2\/media?parent=1089"}],"wp:term":[{"taxonomy":"category","embeddable":true,"href":"https:\/\/obiectiv-valcean.ro\/index.php\/wp-json\/wp\/v2\/categories?post=1089"},{"taxonomy":"post_tag","embeddable":true,"href":"https:\/\/obiectiv-valcean.ro\/index.php\/wp-json\/wp\/v2\/tags?post=1089"}],"curies":[{"name":"wp","href":"https:\/\/api.w.org\/{rel}","templated":true}]}}