{"id":1086,"date":"2025-02-25T06:49:23","date_gmt":"2025-02-25T06:49:23","guid":{"rendered":"https:\/\/obiectiv-valcean.ro\/?p=1086"},"modified":"2025-02-25T06:49:23","modified_gmt":"2025-02-25T06:49:23","slug":"administratia-din-danicei-are-deja-in-pregatire-mai-multe-proiecte-pentru-acest-an","status":"publish","type":"post","link":"https:\/\/obiectiv-valcean.ro\/index.php\/2025\/02\/25\/administratia-din-danicei-are-deja-in-pregatire-mai-multe-proiecte-pentru-acest-an\/","title":{"rendered":"Administra\u021bia din D\u0103nicei are deja \u00een preg\u0103tire mai multe proiecte pentru acest an"},"content":{"rendered":"<p>Strategia primarului Dumitru Pirneci pentru comuna care o administreaz\u0103 este s\u0103 \u00ee\u0219i pun\u0103 la punct toat\u0103 infrastructura de baz\u0103 plus construc\u021bia unui centru civic modern. Platoul unde se afl\u0103 Centru Social \u0219i Centrul Cultural va fi completat cu o \u0219coal\u0103 \u0219i o gr\u0103dini\u021b\u0103, un parc, o pia\u021b\u0103 si un parc fotovoltaic.<\/p>\n<div class=\"teads-inread sm-screen\">\n<div data-integralas-id-e0c75afd-a9e6-0490-6e14-6ad44ac4f79e=\"\">\u201dScopul nostru, al administra\u021biei\u00a0 din comuna D\u0103nicei, este ca prin activitatea \u0219i prin munca noastr\u0103 \u0219i a \u00eentregului colectiv de la prim\u0103rie s\u0103 cre\u0103m acea atmosfer\u0103 prielnic\u0103 pentru o via\u021b\u0103 mai bun\u0103, mai s\u0103n\u0103toas\u0103 \u0219i f\u0103r\u0103 probleme legate de via\u021ba social\u0103. Cred c\u0103 orice prim\u0103rie din aceast\u0103 \u021bar\u0103 trebuie s\u0103 \u00ee\u0219i pun\u0103 la punct infrastructura de baz\u0103 \u0219i m\u0103 refer la drumuri, str\u0103zi, ap\u0103, canalizare, gaz pentru c\u0103 nu putem s\u0103 avem o dezvoltare economic\u0103 f\u0103r\u0103 s\u0103 avem aceast\u0103 infrastructur\u0103 bun\u0103. \u00cen ceea ce prive\u0219te re\u021beaua de gaze, pot spune c\u0103 suntem \u00eentr-o asociatie de dezvoltare cu localit\u0103\u021bile Nicolae B\u0103lcescu si Milcoiu, dar o s\u0103 mai dureze p\u00e2np vom avea studiul de fezabilitate, ridic\u0103rile topo, demersurile pentru cartea funciar\u0103, avize, autoriza\u021bii, etc. Lucr\u0103m acum la alte proiecte, respectiv vom depune pentru construirea unei gr\u0103dini\u021be. Avem \u0219i construc\u021bia scolii in licita\u021bie, pentru c\u0103 dorim s\u0103 avem si o infrastructura educa\u021bional\u0103 foarte bun\u0103, cu standarde ridicate. Avem mai multe obiective de realizat \u00een acest an, dar func\u021bie de buget le vom prioritiza. Vom avea \u0219i un centru civic modern, care va comasa aici toate institu\u021biile. \u00cen paralel cu asta vom \u00eencheia proiectul de asfaltare drumuri, rigole, pode\u021be, accese, pas cu pas vom amenaja aceast\u0103 localitate\u201d, a declarat primarul Dumitru Pirneci.<\/div>\n<\/div>\n<p>Claudia POPA<\/p>\n","protected":false},"excerpt":{"rendered":"<p>Strategia primarului Dumitru Pirneci pentru comuna care o administreaz\u0103 este s\u0103 \u00ee\u0219i pun\u0103 la punct toat\u0103 infrastructura de baz\u0103 plus construc\u021bia unui centru civic modern. Platoul unde se afl\u0103 Centru Social \u0219i Centrul Cultural va fi completat cu o \u0219coal\u0103 \u0219i o gr\u0103dini\u021b\u0103, un parc, o pia\u021b\u0103 si un parc fotovoltaic. \u201dScopul nostru, al administra\u021biei\u00a0&#8230;<\/p>\n","protected":false},"author":1,"featured_media":1087,"comment_status":"open","ping_status":"open","sticky":false,"template":"","format":"standard","meta":{"footnotes":""},"categories":[2],"tags":[],"class_list":["post-1086","post","type-post","status-publish","format-standard","has-post-thumbnail","hentry","category-administratie"],"_links":{"self":[{"href":"https:\/\/obiectiv-valcean.ro\/index.php\/wp-json\/wp\/v2\/posts\/1086","targetHints":{"allow":["GET"]}}],"collection":[{"href":"https:\/\/obiectiv-valcean.ro\/index.php\/wp-json\/wp\/v2\/posts"}],"about":[{"href":"https:\/\/obiectiv-valcean.ro\/index.php\/wp-json\/wp\/v2\/types\/post"}],"author":[{"embeddable":true,"href":"https:\/\/obiectiv-valcean.ro\/index.php\/wp-json\/wp\/v2\/users\/1"}],"replies":[{"embeddable":true,"href":"https:\/\/obiectiv-valcean.ro\/index.php\/wp-json\/wp\/v2\/comments?post=1086"}],"version-history":[{"count":1,"href":"https:\/\/obiectiv-valcean.ro\/index.php\/wp-json\/wp\/v2\/posts\/1086\/revisions"}],"predecessor-version":[{"id":1088,"href":"https:\/\/obiectiv-valcean.ro\/index.php\/wp-json\/wp\/v2\/posts\/1086\/revisions\/1088"}],"wp:featuredmedia":[{"embeddable":true,"href":"https:\/\/obiectiv-valcean.ro\/index.php\/wp-json\/wp\/v2\/media\/1087"}],"wp:attachment":[{"href":"https:\/\/obiectiv-valcean.ro\/index.php\/wp-json\/wp\/v2\/media?parent=1086"}],"wp:term":[{"taxonomy":"category","embeddable":true,"href":"https:\/\/obiectiv-valcean.ro\/index.php\/wp-json\/wp\/v2\/categories?post=1086"},{"taxonomy":"post_tag","embeddable":true,"href":"https:\/\/obiectiv-valcean.ro\/index.php\/wp-json\/wp\/v2\/tags?post=1086"}],"curies":[{"name":"wp","href":"https:\/\/api.w.org\/{rel}","templated":true}]}}