{"id":1084,"date":"2025-02-25T06:10:12","date_gmt":"2025-02-25T06:10:12","guid":{"rendered":"https:\/\/obiectiv-valcean.ro\/?p=1084"},"modified":"2025-02-25T06:10:12","modified_gmt":"2025-02-25T06:10:12","slug":"ion-nicolae-a-reusit-sa-aduca-comuna-caineni-printre-cele-mai-dezvoltate-din-mediul-rural","status":"publish","type":"post","link":"https:\/\/obiectiv-valcean.ro\/index.php\/2025\/02\/25\/ion-nicolae-a-reusit-sa-aduca-comuna-caineni-printre-cele-mai-dezvoltate-din-mediul-rural\/","title":{"rendered":"Ion Nicolae a reu\u0219it s\u0103 aduc\u0103 comuna C\u00e2ineni printre cele mai dezvoltate din mediul rural"},"content":{"rendered":"<div dir=\"auto\">\u00cembun\u0103t\u0103\u0163irea socio-economic\u0103 a unei comunit\u0103\u021bi presupune existen\u021ba unei infrastructuri de baz\u0103 \u0219i utilit\u0103\u021bi, astfel \u00eenc\u00e2t oamenii s\u0103 nu simt\u0103 mari diferen\u021be \u00eentre urban \u0219i rural. \u00cen opinia primarului din C\u00e2ineni, Ion Nicolae, \u201dfiecare ales local \u00ee\u0219i dore\u0219te pentru localitatea sa s\u0103 asigure condi\u021bii optime de trai \u0219i dezvoltare economic\u0103.\u201d Iar acest lucru se observ\u0103 la tot pasul \u00een aceast\u0103 comun\u0103 care a \u00eencheiat anul 2024 cu multe realiz\u0103ri. \u00a0Drumuri asfaltate, institu\u021bii reabilitate, extinderi re\u021bele de ap\u0103, plus alte obiective au ridicat standardul de trai al comunit\u0103\u021bii.<\/div>\n<div dir=\"auto\"><\/div>\n<div dir=\"auto\">\u00cen 2025 se va finaliza extinderea re\u021belei de canalizare, iluminatul public \u0219i va continua programul de asfaltare drumuri. Este o localitate care \u0219tie s\u0103-\u0219i conserve bine trecutul dar \u0219i s\u0103 fie deschis\u0103 la prezentul economic.<\/div>\n<div dir=\"auto\">De asemenea, aici sunt ample preg\u0103tiri pentru construc\u021bia celui mai dificil tronson din autostrada Sibiu-Pite\u0219ti, astfel c\u0103, pentru minim 4 ani, de aici \u00eenainte se va lucra la cel mai mare \u0219antier de infrastructur\u0103 din Rom\u00e2nia care, doar pe raza comunei C\u00e2ineni va avea 3 poduri \u0219i 5 tuneluri.<\/div>\n<div dir=\"auto\">Claudia POPA<\/div>\n<div dir=\"auto\"><\/div>\n","protected":false},"excerpt":{"rendered":"<p>\u00cembun\u0103t\u0103\u0163irea socio-economic\u0103 a unei comunit\u0103\u021bi presupune existen\u021ba unei infrastructuri de baz\u0103 \u0219i utilit\u0103\u021bi, astfel \u00eenc\u00e2t oamenii s\u0103 nu simt\u0103 mari diferen\u021be \u00eentre urban \u0219i rural. \u00cen opinia primarului din C\u00e2ineni, Ion Nicolae, \u201dfiecare ales local \u00ee\u0219i dore\u0219te pentru localitatea sa s\u0103 asigure condi\u021bii optime de trai \u0219i dezvoltare economic\u0103.\u201d Iar acest lucru se observ\u0103 la&#8230;<\/p>\n","protected":false},"author":1,"featured_media":989,"comment_status":"open","ping_status":"open","sticky":false,"template":"","format":"standard","meta":{"footnotes":""},"categories":[2],"tags":[],"class_list":["post-1084","post","type-post","status-publish","format-standard","has-post-thumbnail","hentry","category-administratie"],"_links":{"self":[{"href":"https:\/\/obiectiv-valcean.ro\/index.php\/wp-json\/wp\/v2\/posts\/1084","targetHints":{"allow":["GET"]}}],"collection":[{"href":"https:\/\/obiectiv-valcean.ro\/index.php\/wp-json\/wp\/v2\/posts"}],"about":[{"href":"https:\/\/obiectiv-valcean.ro\/index.php\/wp-json\/wp\/v2\/types\/post"}],"author":[{"embeddable":true,"href":"https:\/\/obiectiv-valcean.ro\/index.php\/wp-json\/wp\/v2\/users\/1"}],"replies":[{"embeddable":true,"href":"https:\/\/obiectiv-valcean.ro\/index.php\/wp-json\/wp\/v2\/comments?post=1084"}],"version-history":[{"count":1,"href":"https:\/\/obiectiv-valcean.ro\/index.php\/wp-json\/wp\/v2\/posts\/1084\/revisions"}],"predecessor-version":[{"id":1085,"href":"https:\/\/obiectiv-valcean.ro\/index.php\/wp-json\/wp\/v2\/posts\/1084\/revisions\/1085"}],"wp:featuredmedia":[{"embeddable":true,"href":"https:\/\/obiectiv-valcean.ro\/index.php\/wp-json\/wp\/v2\/media\/989"}],"wp:attachment":[{"href":"https:\/\/obiectiv-valcean.ro\/index.php\/wp-json\/wp\/v2\/media?parent=1084"}],"wp:term":[{"taxonomy":"category","embeddable":true,"href":"https:\/\/obiectiv-valcean.ro\/index.php\/wp-json\/wp\/v2\/categories?post=1084"},{"taxonomy":"post_tag","embeddable":true,"href":"https:\/\/obiectiv-valcean.ro\/index.php\/wp-json\/wp\/v2\/tags?post=1084"}],"curies":[{"name":"wp","href":"https:\/\/api.w.org\/{rel}","templated":true}]}}