{"id":1077,"date":"2025-02-19T10:02:31","date_gmt":"2025-02-19T10:02:31","guid":{"rendered":"https:\/\/obiectiv-valcean.ro\/?p=1077"},"modified":"2025-02-19T10:02:31","modified_gmt":"2025-02-19T10:02:31","slug":"probleme-diverse-pe-lista-de-audiente-a-viceprimarului-carmen-preda","status":"publish","type":"post","link":"https:\/\/obiectiv-valcean.ro\/index.php\/2025\/02\/19\/probleme-diverse-pe-lista-de-audiente-a-viceprimarului-carmen-preda\/","title":{"rendered":"Probleme diverse pe lista de audien\u021be a viceprimarului Carmen Preda"},"content":{"rendered":"<p>Respect\u00e2nd programarea anun\u021bat\u0103 la \u00eenceputul anului, miercuri, 19 februarie a fost r\u00e2ndul viceprimarului Carmen Preda s\u0103 \u00eei primeasc\u0103 pe cet\u0103\u021benii municipiului \u00een audien\u021b\u0103. Al\u0103turi de conduc\u0103tori ai diverselor departamente din Prim\u0103rie, reprezentanta Municipalit\u0103\u021bii a luat la cuno\u0219tin\u021b\u0103 at\u00e2t de probleme de natur\u0103 general\u0103 \u2013 cum ar fi solicit\u0103rile de amenajare a unor locuri de parcare pe str\u0103zile \u0218tirbei Vod\u0103 \u0219i Dan Basarab sau stadiul cererii de anvelopare a unui bloc de pe strada Mihai Viteazu, c\u00e2t \u0219i cu un caracter mai restr\u00e2ns \u2013 extinderea cu c\u00e2\u021biva zeci de metri a re\u021belei de canalizare pe strada Schitul Troianu sau atribuirea de locuin\u021be sociale. O nou\u0103 sesiune de audien\u021be va avea loc peste dou\u0103 s\u0103pt\u0103m\u00e2ni.<\/p>\n<p>&nbsp;<\/p>\n<p>Biroul de Pres\u0103<\/p>\n","protected":false},"excerpt":{"rendered":"<p>Respect\u00e2nd programarea anun\u021bat\u0103 la \u00eenceputul anului, miercuri, 19 februarie a fost r\u00e2ndul viceprimarului Carmen Preda s\u0103 \u00eei primeasc\u0103 pe cet\u0103\u021benii municipiului \u00een audien\u021b\u0103. Al\u0103turi de conduc\u0103tori ai diverselor departamente din Prim\u0103rie, reprezentanta Municipalit\u0103\u021bii a luat la cuno\u0219tin\u021b\u0103 at\u00e2t de probleme de natur\u0103 general\u0103 \u2013 cum ar fi solicit\u0103rile de amenajare a unor locuri de parcare&#8230;<\/p>\n","protected":false},"author":1,"featured_media":1078,"comment_status":"open","ping_status":"open","sticky":false,"template":"","format":"standard","meta":{"footnotes":""},"categories":[13],"tags":[],"class_list":["post-1077","post","type-post","status-publish","format-standard","has-post-thumbnail","hentry","category-comunicate"],"_links":{"self":[{"href":"https:\/\/obiectiv-valcean.ro\/index.php\/wp-json\/wp\/v2\/posts\/1077","targetHints":{"allow":["GET"]}}],"collection":[{"href":"https:\/\/obiectiv-valcean.ro\/index.php\/wp-json\/wp\/v2\/posts"}],"about":[{"href":"https:\/\/obiectiv-valcean.ro\/index.php\/wp-json\/wp\/v2\/types\/post"}],"author":[{"embeddable":true,"href":"https:\/\/obiectiv-valcean.ro\/index.php\/wp-json\/wp\/v2\/users\/1"}],"replies":[{"embeddable":true,"href":"https:\/\/obiectiv-valcean.ro\/index.php\/wp-json\/wp\/v2\/comments?post=1077"}],"version-history":[{"count":1,"href":"https:\/\/obiectiv-valcean.ro\/index.php\/wp-json\/wp\/v2\/posts\/1077\/revisions"}],"predecessor-version":[{"id":1079,"href":"https:\/\/obiectiv-valcean.ro\/index.php\/wp-json\/wp\/v2\/posts\/1077\/revisions\/1079"}],"wp:featuredmedia":[{"embeddable":true,"href":"https:\/\/obiectiv-valcean.ro\/index.php\/wp-json\/wp\/v2\/media\/1078"}],"wp:attachment":[{"href":"https:\/\/obiectiv-valcean.ro\/index.php\/wp-json\/wp\/v2\/media?parent=1077"}],"wp:term":[{"taxonomy":"category","embeddable":true,"href":"https:\/\/obiectiv-valcean.ro\/index.php\/wp-json\/wp\/v2\/categories?post=1077"},{"taxonomy":"post_tag","embeddable":true,"href":"https:\/\/obiectiv-valcean.ro\/index.php\/wp-json\/wp\/v2\/tags?post=1077"}],"curies":[{"name":"wp","href":"https:\/\/api.w.org\/{rel}","templated":true}]}}