{"id":1071,"date":"2025-02-19T09:29:31","date_gmt":"2025-02-19T09:29:31","guid":{"rendered":"https:\/\/obiectiv-valcean.ro\/?p=1071"},"modified":"2025-02-19T09:29:31","modified_gmt":"2025-02-19T09:29:31","slug":"primarul-mircia-gutau-a-semnat-contractul-proiectul-de-realizare-a-unei-prime-retele-de-10-km-de-piste-de-biciclete-a-primit-finantare-europeana","status":"publish","type":"post","link":"https:\/\/obiectiv-valcean.ro\/index.php\/2025\/02\/19\/primarul-mircia-gutau-a-semnat-contractul-proiectul-de-realizare-a-unei-prime-retele-de-10-km-de-piste-de-biciclete-a-primit-finantare-europeana\/","title":{"rendered":"Primarul Mircia Gut\u0103u a semnat contractul: proiectul de realizare a unei prime re\u021bele de 10 km de piste de biciclete a primit finan\u021bare european\u0103"},"content":{"rendered":"<p>La \u00eenceputul acestei s\u0103pt\u0103m\u00e2ni, primarul Mircia Gut\u0103u a dat startul unuia dintre cele mai a\u0219teptate proiecte de dezvoltare din R\u00e2mnicu V\u00e2lcea: \u00een cadrul Programului Regional Sud-Vest Oltenia 2021-2027, \u00een data de 17.02.2025 a fost semnat Contractul de Finan\u021bare nr. 266 aferent proiectului cu titlul <em>\u201eCre\u0219terea mobilit\u0103\u021bii urbane, pietonale \u0219i cicliste \u00een Municipiul R\u00e2mnicu V\u00e2lcea &#8211; Componenta I\u201d. <\/em>Valoarea total\u0103 a proiectului este de 54.034.966,19 lei, din care valoarea finan\u021b\u0103rii nerambursabile este de 51.871.049,18 lei (fonduri din FEDR \u0219i de la bugetul na\u021bional). Perioada de implementare a proiectului este de 35 de luni, din 17.02.2025 p\u00e2n\u0103 \u00een 16.01.2028.Prin proiect se urm\u0103re\u0219te valorificarea albiei r\u00e2ului Ol\u0103ne\u0219ti prin crearea de promenade \u00een lungime de 3,16 km \u0219i piste de biciclete cu o lungime total\u0103 de 9,89 km de la podul Tineretului (bdul Tineretului) p\u00e2n\u0103 la podul Morilor (str. Dr. Corneliu Tama\u0219), inclusiv construirea unui pod peste r\u00e2ul Ol\u0103ne\u0219ti dedicat exclusiv pietonilor \u0219i bicicli\u0219tilor, amplasat \u00eentre podul de cale ferat\u0103 \u0219i Podul Tineretului (\u00een dreptul cartierului Ostroveni). Prin realizarea acestui proiect se urm\u0103re\u0219te crearea unei re\u021bele func\u021bionale, interconectate, de piste de biciclete, construirea unei parc\u0103ri pentru biciclete \u00een zona Pie\u021bei Centrale, crearea unui centru inteligent pentru \u00eenchirierea bicicletelor (Bike Sharing System) prin aplica\u021bie mobil\u0103, precum \u0219i realizarea iluminatului public stradal \u0219i a unui sistem de supraveghere video de-a lungul traseelor pentru biciclete de pe falezele r\u00e2ului Ol\u0103ne\u0219ti.O a doua component\u0103 a acestui proiect (cu o valoare financiar\u0103 de aproximativ aceea\u0219i anvergur\u0103) a fost depus\u0103 \u0219i a\u0219teapt\u0103 semnarea contractului de finan\u021bare: \u00een cadrul acestei etape, se vor amenaja peste 40 km de piste de biciclete \u0219i se vor realiza alte dou\u0103 poduri pietonal-cicliste peste r\u00e2ul Ol\u0103ne\u0219ti.Proiectul <em>\u201eCre\u0219terea mobilit\u0103\u021bii urbane, pietonale \u0219i cicliste \u00een Municipiul R\u00e2mnicu V\u00e2lcea\u201d <\/em>a beneficiat de finan\u021bare nerambursabil\u0103 \u00eenc\u0103 din faza documenta\u021biilor tehnice, primind, \u00een cadrul Programului Opera\u021bional Asisten\u021b\u0103 Tehnic\u0103 \u2013 POAT, peste 2 milioane de lei.<\/p>\n<p>&nbsp;<\/p>\n<p>Biroul de Pres\u0103<\/p>\n","protected":false},"excerpt":{"rendered":"<p>La \u00eenceputul acestei s\u0103pt\u0103m\u00e2ni, primarul Mircia Gut\u0103u a dat startul unuia dintre cele mai a\u0219teptate proiecte de dezvoltare din R\u00e2mnicu V\u00e2lcea: \u00een cadrul Programului Regional Sud-Vest Oltenia 2021-2027, \u00een data de 17.02.2025 a fost semnat Contractul de Finan\u021bare nr. 266 aferent proiectului cu titlul \u201eCre\u0219terea mobilit\u0103\u021bii urbane, pietonale \u0219i cicliste \u00een Municipiul R\u00e2mnicu V\u00e2lcea &#8211;&#8230;<\/p>\n","protected":false},"author":1,"featured_media":1072,"comment_status":"open","ping_status":"open","sticky":false,"template":"","format":"standard","meta":{"footnotes":""},"categories":[13],"tags":[],"class_list":["post-1071","post","type-post","status-publish","format-standard","has-post-thumbnail","hentry","category-comunicate"],"_links":{"self":[{"href":"https:\/\/obiectiv-valcean.ro\/index.php\/wp-json\/wp\/v2\/posts\/1071","targetHints":{"allow":["GET"]}}],"collection":[{"href":"https:\/\/obiectiv-valcean.ro\/index.php\/wp-json\/wp\/v2\/posts"}],"about":[{"href":"https:\/\/obiectiv-valcean.ro\/index.php\/wp-json\/wp\/v2\/types\/post"}],"author":[{"embeddable":true,"href":"https:\/\/obiectiv-valcean.ro\/index.php\/wp-json\/wp\/v2\/users\/1"}],"replies":[{"embeddable":true,"href":"https:\/\/obiectiv-valcean.ro\/index.php\/wp-json\/wp\/v2\/comments?post=1071"}],"version-history":[{"count":1,"href":"https:\/\/obiectiv-valcean.ro\/index.php\/wp-json\/wp\/v2\/posts\/1071\/revisions"}],"predecessor-version":[{"id":1073,"href":"https:\/\/obiectiv-valcean.ro\/index.php\/wp-json\/wp\/v2\/posts\/1071\/revisions\/1073"}],"wp:featuredmedia":[{"embeddable":true,"href":"https:\/\/obiectiv-valcean.ro\/index.php\/wp-json\/wp\/v2\/media\/1072"}],"wp:attachment":[{"href":"https:\/\/obiectiv-valcean.ro\/index.php\/wp-json\/wp\/v2\/media?parent=1071"}],"wp:term":[{"taxonomy":"category","embeddable":true,"href":"https:\/\/obiectiv-valcean.ro\/index.php\/wp-json\/wp\/v2\/categories?post=1071"},{"taxonomy":"post_tag","embeddable":true,"href":"https:\/\/obiectiv-valcean.ro\/index.php\/wp-json\/wp\/v2\/tags?post=1071"}],"curies":[{"name":"wp","href":"https:\/\/api.w.org\/{rel}","templated":true}]}}