{"id":1068,"date":"2025-02-15T10:07:37","date_gmt":"2025-02-15T10:07:37","guid":{"rendered":"https:\/\/obiectiv-valcean.ro\/?p=1068"},"modified":"2025-02-15T10:07:37","modified_gmt":"2025-02-15T10:07:37","slug":"dezvoltarea-socio-economica-a-pausestiului-este-indispensabil-legata-de-existenta-unei-infrastructuri-bune-si-accesibilitatea-populatiei-la-servicii-de-baza-spune-primarul-marcel-ra","status":"publish","type":"post","link":"https:\/\/obiectiv-valcean.ro\/index.php\/2025\/02\/15\/dezvoltarea-socio-economica-a-pausestiului-este-indispensabil-legata-de-existenta-unei-infrastructuri-bune-si-accesibilitatea-populatiei-la-servicii-de-baza-spune-primarul-marcel-ra\/","title":{"rendered":"\u201dDezvoltarea socio-economic\u0103 a P\u0103u\u0219e\u0219tiului este indispensabil legat\u0103 de existen\u0163a unei infrastructuri bune \u0219i accesibilitatea populatiei la servicii de baz\u0103\u201d, spune primarul Marcel Radi"},"content":{"rendered":"<p>Primarul Marcel Radi are pe agenda, pentru anul in curs, \u00a0implementarea a trei mari proiecte de infrastructur\u0103, menite s\u0103 aduc\u0103 plus valoare comunit\u0103\u021bii din P\u0103u\u0219e\u0219ti M\u0103gla\u0219i. Este vorba de reabilitarea din punct de vedere eneregtic a \u0219colii gimnaziale, prin POR, transformarea acesteia \u00een \u0219coala verde, modernizarea a 13,5 kilometri de drumuri, proiect ce se deruleaz\u0103 prin programul national Anghel Saligny, dar \u0219i extinderea re\u021belei de gaze.<\/p>\n<p>Intr-o discu\u021bie purtat\u0103 cu primarul Radi, acesta a declarat c\u0103 \u201d\u2026 este nevoie de o infrastructur\u0103 modern\u0103 rutier\u0103 pe toate drumurile. Suntem o comun\u0103 aflat\u0103 in transit spre sta\u021biunea national B\u0103ile Ol\u0103ne\u0219ti, iar acest lucru ne oblig\u0103 s\u0103 moderniz\u0103m absolut tot. Consider c\u0103 infrastructura asigur\u0103 premisele \u0219i unei dezvolt\u0103ri econonomice, nu numai a confortului oamenilor. \u0218i asta inseamn\u0103, de asemenea, c\u0103 putem primi mai mul\u021bi oameni in localitate, adic\u0103 s\u0103 \u00ee\u0219i stabileasc\u0103 domiciliul aici, fapt care se dovede\u0219te anual, prin cre\u0219terea num\u0103rului de autoriza\u021bii \u0219i certificate de urbanism. Dezvoltarea socio-economic\u0103 a P\u0103u\u0219e\u0219tiului este indispensabil legat\u0103 de existen\u0163a unei infrastructuri bune \u0219i accesibilitatea populatiei la servicii de baz\u0103\u201d<\/p>\n<p>In acest moment lucr\u0103rile pe \u0219antiere au stagnat pe timpul iernii, urm\u00e2nd s\u0103 re\u00eenceap\u0103 \u00een prim\u0103var\u0103, a ad\u0103ugat edilul din P\u0103u\u0219e\u0219ti M\u0103gla\u0219i.<\/p>\n<p>Claudia POPA<\/p>\n","protected":false},"excerpt":{"rendered":"<p>Primarul Marcel Radi are pe agenda, pentru anul in curs, \u00a0implementarea a trei mari proiecte de infrastructur\u0103, menite s\u0103 aduc\u0103 plus valoare comunit\u0103\u021bii din P\u0103u\u0219e\u0219ti M\u0103gla\u0219i. Este vorba de reabilitarea din punct de vedere eneregtic a \u0219colii gimnaziale, prin POR, transformarea acesteia \u00een \u0219coala verde, modernizarea a 13,5 kilometri de drumuri, proiect ce se deruleaz\u0103&#8230;<\/p>\n","protected":false},"author":1,"featured_media":1069,"comment_status":"open","ping_status":"open","sticky":false,"template":"","format":"standard","meta":{"footnotes":""},"categories":[2],"tags":[70,244],"class_list":["post-1068","post","type-post","status-publish","format-standard","has-post-thumbnail","hentry","category-administratie","tag-pausesti-maglasi","tag-primaria-pausesti-maglasi"],"_links":{"self":[{"href":"https:\/\/obiectiv-valcean.ro\/index.php\/wp-json\/wp\/v2\/posts\/1068","targetHints":{"allow":["GET"]}}],"collection":[{"href":"https:\/\/obiectiv-valcean.ro\/index.php\/wp-json\/wp\/v2\/posts"}],"about":[{"href":"https:\/\/obiectiv-valcean.ro\/index.php\/wp-json\/wp\/v2\/types\/post"}],"author":[{"embeddable":true,"href":"https:\/\/obiectiv-valcean.ro\/index.php\/wp-json\/wp\/v2\/users\/1"}],"replies":[{"embeddable":true,"href":"https:\/\/obiectiv-valcean.ro\/index.php\/wp-json\/wp\/v2\/comments?post=1068"}],"version-history":[{"count":1,"href":"https:\/\/obiectiv-valcean.ro\/index.php\/wp-json\/wp\/v2\/posts\/1068\/revisions"}],"predecessor-version":[{"id":1070,"href":"https:\/\/obiectiv-valcean.ro\/index.php\/wp-json\/wp\/v2\/posts\/1068\/revisions\/1070"}],"wp:featuredmedia":[{"embeddable":true,"href":"https:\/\/obiectiv-valcean.ro\/index.php\/wp-json\/wp\/v2\/media\/1069"}],"wp:attachment":[{"href":"https:\/\/obiectiv-valcean.ro\/index.php\/wp-json\/wp\/v2\/media?parent=1068"}],"wp:term":[{"taxonomy":"category","embeddable":true,"href":"https:\/\/obiectiv-valcean.ro\/index.php\/wp-json\/wp\/v2\/categories?post=1068"},{"taxonomy":"post_tag","embeddable":true,"href":"https:\/\/obiectiv-valcean.ro\/index.php\/wp-json\/wp\/v2\/tags?post=1068"}],"curies":[{"name":"wp","href":"https:\/\/api.w.org\/{rel}","templated":true}]}}