{"id":1056,"date":"2025-02-15T07:26:48","date_gmt":"2025-02-15T07:26:48","guid":{"rendered":"https:\/\/obiectiv-valcean.ro\/?p=1056"},"modified":"2025-02-25T06:23:18","modified_gmt":"2025-02-25T06:23:18","slug":"primaria-caineni-premiata-pentru-performanta-in-istoria-liberalismului-valcean-dar-si-in-administratia-locala","status":"publish","type":"post","link":"https:\/\/obiectiv-valcean.ro\/index.php\/2025\/02\/15\/primaria-caineni-premiata-pentru-performanta-in-istoria-liberalismului-valcean-dar-si-in-administratia-locala\/","title":{"rendered":"Prim\u0103ria C\u00e2ineni, premiat\u0103 pentru performan\u021b\u0103 \u00een istoria liberalismului v\u00e2lcean, dar \u0219i in administra\u021bia local\u0103"},"content":{"rendered":"<p>\u00cen data de 14 februarie 2025, la Biblioteca Jude\u021bean\u0103 din R\u00e2mnicu V\u00e2lcea, Filiala <a href=\"https:\/\/www.facebook.com\/PNLFilialaValcea?__cft__%5b0%5d=AZU56QjSg-pPLX7902PiVp83xanNjMfPe_H5CErVZa7KG9otkfXMFOs62X1ODNPwWobfbis40F4OghXF7p6kfFVDWKc-WrBTFWstske_vYk3PPE5JRwNnjL5Cjei5NlPy-8i8uHQxQl_NNc-aw_1XG-XK0Zo0F0n9VvO0A541pabVqSKRKiN9a3ngqHK_297n0-YkSjXTNX0meQni1LalJHUHHgMG0UmF4POSNOfVWpemg&amp;__tn__=-%5dK-R\"><strong>PNL V\u00e2lcea<\/strong><\/a> a marcat cu emo\u021bie \u0219i m\u00e2ndrie 35 de ani de liberalism v\u00e2lcean, o istorie construit\u0103 prin munc\u0103, dedicare \u0219i credin\u021b\u0103 \u00een valorile democratice.<\/p>\n<p>\u00centr-o atmosfer\u0103 festiv\u0103, al\u0103turi de primari, viceprimari, pre\u0219edin\u021bi de organiza\u021bii locale, membri ai Biroului Politic Jude\u021bean \u0219i consilieri jude\u021beni, s-a celebrat parcursul Partidului Na\u021bional Liberal \u00een jude\u021bul V\u00e2lcea \u0219i contribu\u021bia celor care au f\u0103cut posibil\u0103 aceast\u0103 evolu\u021bie.<\/p>\n<p>Cu acest prilej, s-au oferit diplome de excelen\u021b\u0103 primarilor care s-au remarcat prin performan\u021b\u0103 administrativ\u0103, precum \u0219i organiza\u021biilor locale cu cele mai bune rezultate la ultimele alegeri parlamentare. De asemenea, au fost premia\u021bi \u0219i oamenii de afaceri care au sus\u021binut \u00een mod constant valorile liberale, contribuind la dezvoltarea economic\u0103 a jude\u021bului.<\/p>\n<p>\u00cen cadrul evenimentului si prim\u0103ria C\u00e2ineni a primit diplom\u0103 pentru meritrocra\u021bie \u0219i performan\u021b\u0103 \u00een istoria liberalismului v\u00e2lcean, dar \u0219i in administra\u021bia local\u0103.<\/p>\n<p>Filiala <a href=\"https:\/\/www.facebook.com\/PNLFilialaValcea?__cft__%5b0%5d=AZU56QjSg-pPLX7902PiVp83xanNjMfPe_H5CErVZa7KG9otkfXMFOs62X1ODNPwWobfbis40F4OghXF7p6kfFVDWKc-WrBTFWstske_vYk3PPE5JRwNnjL5Cjei5NlPy-8i8uHQxQl_NNc-aw_1XG-XK0Zo0F0n9VvO0A541pabVqSKRKiN9a3ngqHK_297n0-YkSjXTNX0meQni1LalJHUHHgMG0UmF4POSNOfVWpemg&amp;__tn__=-%5dK-R\"><strong>PNL V\u00e2lcea<\/strong><\/a><\/p>\n<p>&nbsp;<\/p>\n","protected":false},"excerpt":{"rendered":"<p>\u00cen data de 14 februarie 2025, la Biblioteca Jude\u021bean\u0103 din R\u00e2mnicu V\u00e2lcea, Filiala PNL V\u00e2lcea a marcat cu emo\u021bie \u0219i m\u00e2ndrie 35 de ani de liberalism v\u00e2lcean, o istorie construit\u0103 prin munc\u0103, dedicare \u0219i credin\u021b\u0103 \u00een valorile democratice. \u00centr-o atmosfer\u0103 festiv\u0103, al\u0103turi de primari, viceprimari, pre\u0219edin\u021bi de organiza\u021bii locale, membri ai Biroului Politic Jude\u021bean \u0219i&#8230;<\/p>\n","protected":false},"author":1,"featured_media":1057,"comment_status":"open","ping_status":"open","sticky":false,"template":"","format":"standard","meta":{"footnotes":""},"categories":[2,13],"tags":[],"class_list":["post-1056","post","type-post","status-publish","format-standard","has-post-thumbnail","hentry","category-administratie","category-comunicate"],"_links":{"self":[{"href":"https:\/\/obiectiv-valcean.ro\/index.php\/wp-json\/wp\/v2\/posts\/1056","targetHints":{"allow":["GET"]}}],"collection":[{"href":"https:\/\/obiectiv-valcean.ro\/index.php\/wp-json\/wp\/v2\/posts"}],"about":[{"href":"https:\/\/obiectiv-valcean.ro\/index.php\/wp-json\/wp\/v2\/types\/post"}],"author":[{"embeddable":true,"href":"https:\/\/obiectiv-valcean.ro\/index.php\/wp-json\/wp\/v2\/users\/1"}],"replies":[{"embeddable":true,"href":"https:\/\/obiectiv-valcean.ro\/index.php\/wp-json\/wp\/v2\/comments?post=1056"}],"version-history":[{"count":1,"href":"https:\/\/obiectiv-valcean.ro\/index.php\/wp-json\/wp\/v2\/posts\/1056\/revisions"}],"predecessor-version":[{"id":1058,"href":"https:\/\/obiectiv-valcean.ro\/index.php\/wp-json\/wp\/v2\/posts\/1056\/revisions\/1058"}],"wp:featuredmedia":[{"embeddable":true,"href":"https:\/\/obiectiv-valcean.ro\/index.php\/wp-json\/wp\/v2\/media\/1057"}],"wp:attachment":[{"href":"https:\/\/obiectiv-valcean.ro\/index.php\/wp-json\/wp\/v2\/media?parent=1056"}],"wp:term":[{"taxonomy":"category","embeddable":true,"href":"https:\/\/obiectiv-valcean.ro\/index.php\/wp-json\/wp\/v2\/categories?post=1056"},{"taxonomy":"post_tag","embeddable":true,"href":"https:\/\/obiectiv-valcean.ro\/index.php\/wp-json\/wp\/v2\/tags?post=1056"}],"curies":[{"name":"wp","href":"https:\/\/api.w.org\/{rel}","templated":true}]}}