{"id":1053,"date":"2025-02-15T07:00:35","date_gmt":"2025-02-15T07:00:35","guid":{"rendered":"https:\/\/obiectiv-valcean.ro\/?p=1053"},"modified":"2025-02-15T07:01:02","modified_gmt":"2025-02-15T07:01:02","slug":"primaria-municipiului-a-fost-obligata-prin-decizie-judecatoreasca-sa-aplice-noile-tarife-la-energie-termica-impuse-de-cet-govora","status":"publish","type":"post","link":"https:\/\/obiectiv-valcean.ro\/index.php\/2025\/02\/15\/primaria-municipiului-a-fost-obligata-prin-decizie-judecatoreasca-sa-aplice-noile-tarife-la-energie-termica-impuse-de-cet-govora\/","title":{"rendered":"Prim\u0103ria Municipiului a fost obligat\u0103 prin decizie judec\u0103toreasc\u0103 s\u0103 aplice noile tarife la energie termic\u0103 impuse de CET Govora"},"content":{"rendered":"<p>Comunicat de Pres\u0103<\/p>\n<p>&nbsp;<\/p>\n<p>Locatarii blocurilor din municipiu racordate la re\u021beaua de energie termic\u0103 a CET Govora au pl\u0103tit timp de aproape doi ani \u2013 din decembrie 2022 p\u00e2n\u0103 \u00een septembrie 2024 \u2013 acela\u0219i pre\u021b pentru c\u0103ldur\u0103 \u0219i ap\u0103 cald\u0103 (cu mici modific\u0103ri datorate TVA care era 19% pe timpul verii \u0219i 5% pe timpul iernii). Prin HCL nr. 396\/2022, pre\u021bul energiei termice facturate popula\u021biei se stabilea la valoarea de 374,95 lei\/Gcal. (inclusiv TVA de 5%), cu o subven\u021bie din partea bugetului local (care s\u0103 acopere diferen\u021ba dintre acest pre\u021b \u0219i cel de produc\u021bie, transport \u0219i distribu\u021bie al CET Govora) \u00een valoare de 122,78 lei\/Gcal.<\/p>\n<p>CET Govora a solicitat ulterior (\u00een iulie \u0219i apoi \u00een noiembrie 2023) dou\u0103 major\u0103ri ale pre\u021bului de produc\u021bie pentru energia termic\u0103. Din dorin\u021ba de a nu \u00eempov\u0103ra financiar locatarii blocurilor din R\u00e2mnic \u0219i consider\u00e2nd c\u0103 solicit\u0103rile nu erau suficient motivate \u0219i mult prea recente fa\u021b\u0103 de cererea de majorare din toamna anului precedent, nu le-am dat curs, iar pre\u021bul gigacaloriei pentru popula\u021bie a r\u0103mas neschimbat, fiind, o lung\u0103 perioad\u0103, \u00een zona de mijloc a tarifelor practicate \u00een alte ora\u0219e din \u021bar\u0103.<\/p>\n<p>\u00cen consecin\u021ba pozi\u021biei noastre, CET Govora a \u00eenceput \u00een februarie 2024 o ac\u021biune \u00een instan\u021b\u0103 \u00eempotriva Prim\u0103riei Municipiului.<\/p>\n<p>\u00cen 30 septembrie 2024, ca urmare a solicit\u0103rii f\u0103cute de CET Govora de aprobare a unei noi major\u0103ri a pre\u021bului de produc\u021bie a energiei termice, Consiliul Local a emis HCL nr. 284 prin care se aproba cererea CET Govora, pre\u021bul gigacaloriei facturat popula\u021biei devenea 486,15 lei (inclusiv TVA), cu o valoare a subven\u021biei acordat\u0103 din bugetul local de 139,15 lei. Noul tarif a intrat \u00een vigoare la 1 septembrie, iar pe durata iernii 2024, ca urmare a reducerii TVA de la 19% la 5%, pre\u021bul gigacaloriei \u0219i valoarea subven\u021biei urmau s\u0103 scad\u0103 corespunz\u0103tor.<\/p>\n<p>\u00centre timp, ac\u021biunea \u00een instan\u021b\u0103 a CET Govora \u0219i-a urmat cursul: dup\u0103 sentin\u021ba Tribunalului V\u00e2lcea prin care Municipiul era obligat s\u0103 solu\u021bioneze cererile de majorare din cursul anului 2023, CET Govora a f\u0103cut recurs, iar verdictul definitiv al Cur\u021bii de Apel Pite\u0219ti din 16.12.2024 a obligat Municipiul R\u00e2mnicu V\u00e2lcea s\u0103 aprobe cererile CET Govora din 2023 \u0219i, \u00een consecin\u021b\u0103, s\u0103 pl\u0103teasc\u0103 diferen\u021ba ne\u00eencasat\u0103 de bani dintre pre\u021bul pl\u0103tit de popula\u021bie pe ultimul an \u0219i jum\u0103tate \u0219i cel majorat, solicitat de CET Govora.<\/p>\n<p>Ca urmare, \u00een cadrul \u0219edin\u021bei de Consiliu Local din 30 ianuarie a.c., s-au aprobat retroactiv prin HCL nr. 14 major\u0103rile de pre\u021b cerute de CET \u00een anul 2023 \u0219i, ca urmare, plata sumei de 11.580.348,64 lei \u00eensemn\u00e2nd diferen\u021ba ne\u00eencasat\u0103 \u00een perioada iulie 2023 \u2013 decembrie 2024 de furnizorul de energie termic\u0103.<\/p>\n<p>Suma de plat\u0103 c\u0103tre CET Govora \u2013 una uria\u0219\u0103, reprezent\u00e2nd, pentru compara\u021bie, peste 2% din \u00eentregul buget al municipiului pe anul trecut! \u2013 urmeaz\u0103 a fi achitat\u0103 e\u0219alonat din bugetul local.<\/p>\n<p><u>Este important de precizat c\u0103 aceast\u0103 sum\u0103 ar fi revenit oricum la plat\u0103, defalcat\u0103 lunar, abona\u021bilor la sistemul centralizat de energie termic\u0103 \u00een cazul \u00een care s-ar fi aprobat major\u0103rile solicitate de CET Govora \u00een cursul anului 2023.<\/u><\/p>\n<p>Tot \u00een \u0219edin\u021ba din 30 ianuarie 2025, ca urmare a unei noi major\u0103ri de pre\u021b cerut\u0103 \u00een noiembrie anul trecut de CET Govora, Consiliul Local a aprobat prin HCL nr. 15 un nou pre\u021b de facturare c\u0103tre popula\u021bie de 531,21 lei\/Gcal. (inclusiv TVA), iar pentru a face fa\u021b\u0103 \u0219ocului financiar dat de decizia instan\u021bei \u00een procesul intentat de CET Govora, subven\u021bia de la bugetul local \u00een pre\u021bul de producere a energiei termice a fost redus\u0103 la 52,5 lei\/Gcal.<\/p>\n<p>\u00cen\u021beleg pe deplin frustrarea \u0219i nemul\u021bumirea resim\u021bite de locatarii blocurilor din municipiu, confrunta\u021bi \u00een aceast\u0103 lun\u0103 cu facturi mult mai mari la \u00eentre\u021binere, dup\u0103 dou\u0103 major\u0103ri importante ale pre\u021bului la c\u0103ldur\u0103 venite \u00een ultimele patru luni. \u00cei rog doar s\u0103 \u00een\u021beleag\u0103 c\u0103, din p\u0103cate, Prim\u0103ria Municipiului a fost obligat\u0103 prin decizie judec\u0103toreasc\u0103 s\u0103-\u0219i \u00eensu\u0219easc\u0103 (termenul \u201eaprob\u0103\u201d nu se poate aplica aici!) noile tarife la energie termic\u0103 impuse de CET Govora. Nu este cazul s\u0103 discut despre temeinicia demersului furnizorului de agent termic din municipiu \u2013 cert este c\u0103 am fost pu\u0219i, printr-o sentin\u021b\u0103 definitiv\u0103 \u0219i executorie, \u00een fa\u021ba unui fapt \u00eemplinit, cu efecte serioase at\u00e2t la nivelul cet\u0103\u021benilor, c\u00e2t \u0219i al comunit\u0103\u021bii locale, prin dezechilibrarea bugetului local.<\/p>\n<p>F\u0103r\u0103 \u00eendoial\u0103, constatarea unei situa\u021bii dificile nu este de natur\u0103 a mul\u021bumi pe nimeni \u2013 important este s\u0103 fie g\u0103site solu\u021biile pentru dep\u0103\u0219irea ei. Una dintre aceste solu\u021bii const\u0103 \u00een demersuri &#8211; deja ini\u021biate! &#8211; la nivel central pentru ob\u021binerea unui sprijin financiar care s\u0103 ne permit\u0103 s\u0103 major\u0103m, m\u0103car temporar, subven\u021bia pentru gigacalorie, cu rezultat \u00een sc\u0103derea pre\u021bului pl\u0103tit de popula\u021bie. \u00cen alt registru, se analizeaz\u0103 posibilitatea aprob\u0103rii \u201ela liber\u201d a debran\u0219\u0103rilor de la re\u021beaua de furnizare a energiei termice pentru cei care doresc s\u0103-\u0219i monteze centrale termice individuale. \u0218i mai sunt \u0219i alte ac\u021biuni pe care le avem \u00een vedere, dar care vor fi comunicate la momentul \u00een care se vor putea concretiza.<\/p>\n<p>&nbsp;<\/p>\n<p>Mircia Gut\u0103u,<\/p>\n<p>Primarul Municipiului<\/p>\n","protected":false},"excerpt":{"rendered":"<p>Comunicat de Pres\u0103 &nbsp; Locatarii blocurilor din municipiu racordate la re\u021beaua de energie termic\u0103 a CET Govora au pl\u0103tit timp de aproape doi ani \u2013 din decembrie 2022 p\u00e2n\u0103 \u00een septembrie 2024 \u2013 acela\u0219i pre\u021b pentru c\u0103ldur\u0103 \u0219i ap\u0103 cald\u0103 (cu mici modific\u0103ri datorate TVA care era 19% pe timpul verii \u0219i 5% pe timpul&#8230;<\/p>\n","protected":false},"author":1,"featured_media":1048,"comment_status":"open","ping_status":"open","sticky":false,"template":"","format":"standard","meta":{"footnotes":""},"categories":[13,8],"tags":[239,240,241],"class_list":["post-1053","post","type-post","status-publish","format-standard","has-post-thumbnail","hentry","category-comunicate","category-social","tag-gigacalorie","tag-mircia-gutau","tag-primaria-rm-valcea"],"_links":{"self":[{"href":"https:\/\/obiectiv-valcean.ro\/index.php\/wp-json\/wp\/v2\/posts\/1053","targetHints":{"allow":["GET"]}}],"collection":[{"href":"https:\/\/obiectiv-valcean.ro\/index.php\/wp-json\/wp\/v2\/posts"}],"about":[{"href":"https:\/\/obiectiv-valcean.ro\/index.php\/wp-json\/wp\/v2\/types\/post"}],"author":[{"embeddable":true,"href":"https:\/\/obiectiv-valcean.ro\/index.php\/wp-json\/wp\/v2\/users\/1"}],"replies":[{"embeddable":true,"href":"https:\/\/obiectiv-valcean.ro\/index.php\/wp-json\/wp\/v2\/comments?post=1053"}],"version-history":[{"count":2,"href":"https:\/\/obiectiv-valcean.ro\/index.php\/wp-json\/wp\/v2\/posts\/1053\/revisions"}],"predecessor-version":[{"id":1055,"href":"https:\/\/obiectiv-valcean.ro\/index.php\/wp-json\/wp\/v2\/posts\/1053\/revisions\/1055"}],"wp:featuredmedia":[{"embeddable":true,"href":"https:\/\/obiectiv-valcean.ro\/index.php\/wp-json\/wp\/v2\/media\/1048"}],"wp:attachment":[{"href":"https:\/\/obiectiv-valcean.ro\/index.php\/wp-json\/wp\/v2\/media?parent=1053"}],"wp:term":[{"taxonomy":"category","embeddable":true,"href":"https:\/\/obiectiv-valcean.ro\/index.php\/wp-json\/wp\/v2\/categories?post=1053"},{"taxonomy":"post_tag","embeddable":true,"href":"https:\/\/obiectiv-valcean.ro\/index.php\/wp-json\/wp\/v2\/tags?post=1053"}],"curies":[{"name":"wp","href":"https:\/\/api.w.org\/{rel}","templated":true}]}}