{"id":1050,"date":"2025-02-12T16:49:39","date_gmt":"2025-02-12T16:49:39","guid":{"rendered":"https:\/\/obiectiv-valcean.ro\/?p=1050"},"modified":"2025-02-12T16:49:39","modified_gmt":"2025-02-12T16:49:39","slug":"catalin-morosanu-in-campanie-antibullying-prin-scolile-din-ramnic","status":"publish","type":"post","link":"https:\/\/obiectiv-valcean.ro\/index.php\/2025\/02\/12\/catalin-morosanu-in-campanie-antibullying-prin-scolile-din-ramnic\/","title":{"rendered":"C\u0103t\u0103lin Moro\u0219anu, \u00een campanie antibullying prin \u0219colile din R\u00e2mnic"},"content":{"rendered":"<p>Cunoscutul lupt\u0103tor K1 \u0219i promotor C\u0103t\u0103lin Moro\u0219anu a derulat mar\u021bi, 11 februarie, o campanie antibullying \u00een dou\u0103 unit\u0103\u021bi de \u00eenv\u0103\u021b\u0103m\u00e2nt reprezentative din R\u00e2mnicu V\u00e2lcea: Colegiul Na\u021bional \u201dMircea cel B\u0103tr\u00e2n\u201d \u0219i \u0218coala Gimnazial\u0103 \u201eAnton Pann\u201d. \u00cen cadrul evenimentelor la care a participat din partea Prim\u0103riei Municipiului \u0219i viceprimarul Eusebiu Ve\u021beleanu, C\u0103t\u0103lin Moro\u0219anu i-a \u00eendemnat pe elevii de gimnaziu \u0219i de liceu s\u0103 lupte \u00eempotriva acestui fenoment mult prea des \u00eent\u00e2lnit \u00een \u0219colile rom\u00e2ne\u0219ti, a oferit, din propria experien\u021b\u0103, sfaturi despre cum s\u0103 fac\u0103 fa\u021b\u0103 \u00een cazul \u00een care sunt victime ale unor astfel de agresiuni \u0219i a r\u0103spuns \u0219i \u00eentreb\u0103rilor puse de tinerii prezen\u021bi. Cum era de a\u0219teptat, fiecare dintre cele dou\u0103 \u00eent\u00e2lniri cu sutele de elevi v\u00e2lceni s-a \u00eencheiat cu sesiuni entuziaste de selfie-uri sau fotografii de grup. C\u0103t\u0103lin Moro\u0219anu se afl\u0103 \u00een aceast\u0103 perioad\u0103 \u00een R\u00e2mnicu V\u00e2lcea pentru a preg\u0103ti evenimentul cu num\u0103rul 26 al seriei Dynamite Fighting Show: confruntarea \u201eZiua Revan\u0219ei\u201d va avea loc vineri, 7 martie, la Sala Sporturilor \u201eTraian\u201d \u0219i se anun\u021b\u0103 a fi evenimentul sportiv al anului.<\/p>\n<p>&nbsp;<\/p>\n<p>Biroul de Pres\u0103<\/p>\n","protected":false},"excerpt":{"rendered":"<p>Cunoscutul lupt\u0103tor K1 \u0219i promotor C\u0103t\u0103lin Moro\u0219anu a derulat mar\u021bi, 11 februarie, o campanie antibullying \u00een dou\u0103 unit\u0103\u021bi de \u00eenv\u0103\u021b\u0103m\u00e2nt reprezentative din R\u00e2mnicu V\u00e2lcea: Colegiul Na\u021bional \u201dMircea cel B\u0103tr\u00e2n\u201d \u0219i \u0218coala Gimnazial\u0103 \u201eAnton Pann\u201d. \u00cen cadrul evenimentelor la care a participat din partea Prim\u0103riei Municipiului \u0219i viceprimarul Eusebiu Ve\u021beleanu, C\u0103t\u0103lin Moro\u0219anu i-a \u00eendemnat pe elevii&#8230;<\/p>\n","protected":false},"author":1,"featured_media":1051,"comment_status":"open","ping_status":"open","sticky":false,"template":"","format":"standard","meta":{"footnotes":""},"categories":[13],"tags":[],"class_list":["post-1050","post","type-post","status-publish","format-standard","has-post-thumbnail","hentry","category-comunicate"],"_links":{"self":[{"href":"https:\/\/obiectiv-valcean.ro\/index.php\/wp-json\/wp\/v2\/posts\/1050","targetHints":{"allow":["GET"]}}],"collection":[{"href":"https:\/\/obiectiv-valcean.ro\/index.php\/wp-json\/wp\/v2\/posts"}],"about":[{"href":"https:\/\/obiectiv-valcean.ro\/index.php\/wp-json\/wp\/v2\/types\/post"}],"author":[{"embeddable":true,"href":"https:\/\/obiectiv-valcean.ro\/index.php\/wp-json\/wp\/v2\/users\/1"}],"replies":[{"embeddable":true,"href":"https:\/\/obiectiv-valcean.ro\/index.php\/wp-json\/wp\/v2\/comments?post=1050"}],"version-history":[{"count":1,"href":"https:\/\/obiectiv-valcean.ro\/index.php\/wp-json\/wp\/v2\/posts\/1050\/revisions"}],"predecessor-version":[{"id":1052,"href":"https:\/\/obiectiv-valcean.ro\/index.php\/wp-json\/wp\/v2\/posts\/1050\/revisions\/1052"}],"wp:featuredmedia":[{"embeddable":true,"href":"https:\/\/obiectiv-valcean.ro\/index.php\/wp-json\/wp\/v2\/media\/1051"}],"wp:attachment":[{"href":"https:\/\/obiectiv-valcean.ro\/index.php\/wp-json\/wp\/v2\/media?parent=1050"}],"wp:term":[{"taxonomy":"category","embeddable":true,"href":"https:\/\/obiectiv-valcean.ro\/index.php\/wp-json\/wp\/v2\/categories?post=1050"},{"taxonomy":"post_tag","embeddable":true,"href":"https:\/\/obiectiv-valcean.ro\/index.php\/wp-json\/wp\/v2\/tags?post=1050"}],"curies":[{"name":"wp","href":"https:\/\/api.w.org\/{rel}","templated":true}]}}