{"id":1045,"date":"2025-02-12T16:43:56","date_gmt":"2025-02-12T16:43:56","guid":{"rendered":"https:\/\/obiectiv-valcean.ro\/?p=1045"},"modified":"2025-02-12T16:43:56","modified_gmt":"2025-02-12T16:43:56","slug":"miercurea-viitoare-conducerea-primariei-va-sustine-o-noua-sesiune-de-audiente","status":"publish","type":"post","link":"https:\/\/obiectiv-valcean.ro\/index.php\/2025\/02\/12\/miercurea-viitoare-conducerea-primariei-va-sustine-o-noua-sesiune-de-audiente\/","title":{"rendered":"Miercurea viitoare, conducerea Prim\u0103riei va sus\u021bine o nou\u0103 sesiune de audien\u021be"},"content":{"rendered":"<p>S\u0103pt\u0103m\u00e2na viitoare continu\u0103 audien\u021bele sus\u021binute de conducerea Municipalit\u0103\u021bii: miercuri, 19 februarie, viceprimarul Carmen Preda va fi la dispozi\u0163ia r\u00e2mnicenilor care au de rezolvat probleme ce sunt de competen\u021ba administra\u0163iei locale \u00een cadrul unei sesiuni de audien\u0163e programat\u0103 de la ora 9.00, \u00een Sala de Consiliu. \u00censcrierile \u00een audien\u0163\u0103 se fac la Centrul pentru Informarea Cet\u0103\u0163enilor (Registratura Prim\u0103riei) din strada General Magheru nr. 25, parter, sau prin e-mail pe adresa primaria@primariavl.ro, iar persoanele care se \u00eenscriu \u00een audien\u0163\u0103 trebuie s\u0103 fac\u0103 dovada faptului c\u0103 au depus \u00een prealabil cereri c\u0103rora li s-a r\u0103spuns negativ sau la care nu au primit r\u0103spuns.<\/p>\n<p>&nbsp;<\/p>\n<p>Biroul de Pres\u0103<\/p>\n","protected":false},"excerpt":{"rendered":"<p>S\u0103pt\u0103m\u00e2na viitoare continu\u0103 audien\u021bele sus\u021binute de conducerea Municipalit\u0103\u021bii: miercuri, 19 februarie, viceprimarul Carmen Preda va fi la dispozi\u0163ia r\u00e2mnicenilor care au de rezolvat probleme ce sunt de competen\u021ba administra\u0163iei locale \u00een cadrul unei sesiuni de audien\u0163e programat\u0103 de la ora 9.00, \u00een Sala de Consiliu. \u00censcrierile \u00een audien\u0163\u0103 se fac la Centrul pentru Informarea Cet\u0103\u0163enilor&#8230;<\/p>\n","protected":false},"author":1,"featured_media":1048,"comment_status":"open","ping_status":"open","sticky":false,"template":"","format":"standard","meta":{"footnotes":""},"categories":[13],"tags":[],"class_list":["post-1045","post","type-post","status-publish","format-standard","has-post-thumbnail","hentry","category-comunicate"],"_links":{"self":[{"href":"https:\/\/obiectiv-valcean.ro\/index.php\/wp-json\/wp\/v2\/posts\/1045","targetHints":{"allow":["GET"]}}],"collection":[{"href":"https:\/\/obiectiv-valcean.ro\/index.php\/wp-json\/wp\/v2\/posts"}],"about":[{"href":"https:\/\/obiectiv-valcean.ro\/index.php\/wp-json\/wp\/v2\/types\/post"}],"author":[{"embeddable":true,"href":"https:\/\/obiectiv-valcean.ro\/index.php\/wp-json\/wp\/v2\/users\/1"}],"replies":[{"embeddable":true,"href":"https:\/\/obiectiv-valcean.ro\/index.php\/wp-json\/wp\/v2\/comments?post=1045"}],"version-history":[{"count":1,"href":"https:\/\/obiectiv-valcean.ro\/index.php\/wp-json\/wp\/v2\/posts\/1045\/revisions"}],"predecessor-version":[{"id":1049,"href":"https:\/\/obiectiv-valcean.ro\/index.php\/wp-json\/wp\/v2\/posts\/1045\/revisions\/1049"}],"wp:featuredmedia":[{"embeddable":true,"href":"https:\/\/obiectiv-valcean.ro\/index.php\/wp-json\/wp\/v2\/media\/1048"}],"wp:attachment":[{"href":"https:\/\/obiectiv-valcean.ro\/index.php\/wp-json\/wp\/v2\/media?parent=1045"}],"wp:term":[{"taxonomy":"category","embeddable":true,"href":"https:\/\/obiectiv-valcean.ro\/index.php\/wp-json\/wp\/v2\/categories?post=1045"},{"taxonomy":"post_tag","embeddable":true,"href":"https:\/\/obiectiv-valcean.ro\/index.php\/wp-json\/wp\/v2\/tags?post=1045"}],"curies":[{"name":"wp","href":"https:\/\/api.w.org\/{rel}","templated":true}]}}