{"id":1041,"date":"2025-02-05T14:21:09","date_gmt":"2025-02-05T14:21:09","guid":{"rendered":"https:\/\/obiectiv-valcean.ro\/?p=1041"},"modified":"2025-02-11T14:22:32","modified_gmt":"2025-02-11T14:22:32","slug":"viceprimarul-veteleanu-fata-in-fata-cu-problemele-ramnicenilor","status":"publish","type":"post","link":"https:\/\/obiectiv-valcean.ro\/index.php\/2025\/02\/05\/viceprimarul-veteleanu-fata-in-fata-cu-problemele-ramnicenilor\/","title":{"rendered":"Viceprimarul Ve\u021beleanu, fa\u021b\u0103 \u00een fa\u021b\u0103 cu problemele r\u00e2mnicenilor"},"content":{"rendered":"<p>&nbsp;<\/p>\n<p>Viceprimarul Eusebiu Ve\u021beleanu a sus\u021binut miercuri, 5 februarie, prima audien\u021b\u0103 dintr-o serie de \u00eent\u00e2lniri cu cet\u0103\u021benii R\u00e2mnicului care au de rezolvat probleme ce sunt de competen\u021ba administra\u021biei municipale. Pe l\u00e2ng\u0103 unele situa\u021bii punctuale, cele mai importante aspecte semnalate au vizat reabilitarea termic\u0103 a unor blocuri din R\u00e2mnic, pre\u0219edin\u021bii asocia\u021biilor de proprietari de la blocurile 16 din Traian \u0219i P3 din Petri\u0219or fiind anun\u021ba\u021bi c\u0103 imobilele pe care le gestioneaz\u0103 sunt \u00een aten\u021bia Municipalit\u0103\u021bii \u0219i vor intra la modernizare imediat ce vor fi lansate noi linii de finan\u021bare, guvernamentale sau europene, \u00een acest domeniu. Urm\u0103toarea \u0219edin\u021b\u0103 de audien\u021be, programat\u0103 peste dou\u0103 s\u0103pt\u0103m\u00e2ni, va fi condus\u0103 de viceprimarul Carmen Preda.<\/p>\n<p>&nbsp;<\/p>\n<p>Biroul de Pres\u0103<\/p>\n","protected":false},"excerpt":{"rendered":"<p>&nbsp; Viceprimarul Eusebiu Ve\u021beleanu a sus\u021binut miercuri, 5 februarie, prima audien\u021b\u0103 dintr-o serie de \u00eent\u00e2lniri cu cet\u0103\u021benii R\u00e2mnicului care au de rezolvat probleme ce sunt de competen\u021ba administra\u021biei municipale. Pe l\u00e2ng\u0103 unele situa\u021bii punctuale, cele mai importante aspecte semnalate au vizat reabilitarea termic\u0103 a unor blocuri din R\u00e2mnic, pre\u0219edin\u021bii asocia\u021biilor de proprietari de la blocurile&#8230;<\/p>\n","protected":false},"author":1,"featured_media":1042,"comment_status":"open","ping_status":"open","sticky":false,"template":"","format":"standard","meta":{"footnotes":""},"categories":[13],"tags":[],"class_list":["post-1041","post","type-post","status-publish","format-standard","has-post-thumbnail","hentry","category-comunicate"],"_links":{"self":[{"href":"https:\/\/obiectiv-valcean.ro\/index.php\/wp-json\/wp\/v2\/posts\/1041","targetHints":{"allow":["GET"]}}],"collection":[{"href":"https:\/\/obiectiv-valcean.ro\/index.php\/wp-json\/wp\/v2\/posts"}],"about":[{"href":"https:\/\/obiectiv-valcean.ro\/index.php\/wp-json\/wp\/v2\/types\/post"}],"author":[{"embeddable":true,"href":"https:\/\/obiectiv-valcean.ro\/index.php\/wp-json\/wp\/v2\/users\/1"}],"replies":[{"embeddable":true,"href":"https:\/\/obiectiv-valcean.ro\/index.php\/wp-json\/wp\/v2\/comments?post=1041"}],"version-history":[{"count":1,"href":"https:\/\/obiectiv-valcean.ro\/index.php\/wp-json\/wp\/v2\/posts\/1041\/revisions"}],"predecessor-version":[{"id":1043,"href":"https:\/\/obiectiv-valcean.ro\/index.php\/wp-json\/wp\/v2\/posts\/1041\/revisions\/1043"}],"wp:featuredmedia":[{"embeddable":true,"href":"https:\/\/obiectiv-valcean.ro\/index.php\/wp-json\/wp\/v2\/media\/1042"}],"wp:attachment":[{"href":"https:\/\/obiectiv-valcean.ro\/index.php\/wp-json\/wp\/v2\/media?parent=1041"}],"wp:term":[{"taxonomy":"category","embeddable":true,"href":"https:\/\/obiectiv-valcean.ro\/index.php\/wp-json\/wp\/v2\/categories?post=1041"},{"taxonomy":"post_tag","embeddable":true,"href":"https:\/\/obiectiv-valcean.ro\/index.php\/wp-json\/wp\/v2\/tags?post=1041"}],"curies":[{"name":"wp","href":"https:\/\/api.w.org\/{rel}","templated":true}]}}