{"id":1033,"date":"2025-02-01T10:48:29","date_gmt":"2025-02-01T10:48:29","guid":{"rendered":"https:\/\/obiectiv-valcean.ro\/?p=1033"},"modified":"2025-02-01T10:50:00","modified_gmt":"2025-02-01T10:50:00","slug":"de-la-diaspora-salvatoare-la-diaspora-care-ingroapa-romania-de-ce-votul-diasporei-a-fost-mereu-diferit-de-votul-din-romanilor-din-tara","status":"publish","type":"post","link":"https:\/\/obiectiv-valcean.ro\/index.php\/2025\/02\/01\/de-la-diaspora-salvatoare-la-diaspora-care-ingroapa-romania-de-ce-votul-diasporei-a-fost-mereu-diferit-de-votul-din-romanilor-din-tara\/","title":{"rendered":"De la Diaspora Salvatoare la Diaspora care \u00eengroap\u0103 Rom\u00e2nia. De ce votul Diasporei a fost mereu diferit de votul din rom\u00e2nilor din \u021bar\u0103?"},"content":{"rendered":"<p>Votul din Diaspora a fost mereu contrar votului din Rom\u00e2nia. P\u00e2n\u0103 la un punct a fost de \u00een\u021beles, el urmeaz\u0103 curba lui Gauss. Are o cre\u0219tere \u0219i o descre\u0219tere, o parte benign\u0103 \u0219i o parte malign\u0103.<\/p>\n<p>Matematic spus, 35 de ani, Rom\u00e2nia a urmat la r\u00e2ndul ei o curb\u0103 economic\u0103 \u0219i social\u0103. Exact prin simetrie opus\u0103 curbei votului Diasporei. Rom\u00e2nia a avut un declin economic p\u00e2n\u0103 \u00een 2004 &#8211; 2007, dup\u0103 care avem o pant\u0103 ascendent\u0103 cu o dinamic\u0103 foarte mare, din punct de vedere economic, pe ultimul tronson (2015 &#8211; 2025).<\/p>\n<p>Votul Diasporei a fost a\u0219adar pe primii 15 ani, un vot anti -FSN, anti &#8211; PSD, a fost votul celor pleca\u021bi dintr-o Rom\u00e2nie s\u0103rac\u0103, rece, a mineriadelor, a unui regim bolnav, a unei politici corupte, baroniale. A fost un vot Occidental, a fost un vot din Lumea Liber\u0103 \u00eempotriva unei Rom\u00e2nii \u00eentunecate, de ev mediu capitalist. A fost un vot al strig\u0103tului de trezire al Rom\u00e2niei de sub cizma ruseasc\u0103, din orientalism.\u00a0 Un vot educat \u0219i civilizat, al unei Diaspore care muncea responsabil, al unei diaspore format\u0103 din oameni califica\u021bi, fie intelectuali, fie strungari, zidari, electricieni, restructura\u021bi din fostele fabrici falimentare.\u00a0 Acest vot \u0219i-a f\u0103cut efectul. Ajung\u00e2nd ca \u00een 2008 &#8211; 2009, cele dou\u0103 curbe s\u0103 coincid\u0103, s\u0103 fie tangente.<\/p>\n<p>Rom\u00e2nia de aici, odat\u0103 cu aderearea la UE, \u00eencepe treptat s\u0103 aib\u0103 o economie bun\u0103, competitiv\u0103, PIB-ul cre\u0219te, nivelul de trai din \u021bar\u0103 cre\u0219te, toti indicatorii Rom\u00e2niei \u00eencep s\u0103 treac\u0103 pe pozitiv. Rom\u00e2nia ajunge \u00een 2024 la un nivel de trai rezonabil, cu un salariu mediu de 1000 de euro, cu v\u00e2rfuri \u00een zona IT, \u00een zona muncilor calificate, un bun meseria\u0219 ridic\u0103 p\u00e2n\u0103 spre 2000 de euro. Se construiesc autostr\u0103zi, drumuri, sute de comune trec pe model european &#8211; re\u021bele de ap\u0103, canalizare, internet, gaze. Rom\u00e2nia ajunge la finele anului 2024, pe locul 42 \u00eentre economiile lumii.<\/p>\n<p>Plec\u00e2nd de pe locul 92 \u00een 1990. Urc\u0103 efectiv 50 de pozi\u021bii. Rom\u00e2nii din \u021bar\u0103 cristalizeaz\u0103 chiar o clas\u0103 de mijloc. Sunt rom\u00e2ni care \u0219i-au cump\u0103rat peste 4 milioane de bilete de avion \u00een prima s\u0103pt\u0103m\u00e2n\u0103 a anului 2025, pentru concedii \u0219i city break-uri. Sunt rom\u00e2nii care ocup\u0103 primul loc la turism \u00een Grecia, Bulgaria, Albania, Muntenegru, locul 2 \u00een Croatia, locul 3 \u0219i 4 \u00een Italia \u0219i Spania. Rom\u00e2nia negociaz\u0103 aderarea la OCDE, cea mai puternic\u0103 organiza\u021bie de state cu economie de top.<\/p>\n<p>Ce se \u00eent\u00e2mpl\u0103 \u00een schimb cu votul Diasporei \u00een ace\u0219ti ani? Este un vot care joac\u0103 \u00eempotriv\u0103 guvernelor, fie c\u0103 au fost PDL-iste sau PSD-iste. Este votul pe dos, un vot malign de aceast\u0103 dat\u0103. Un vot care vrea s\u0103 spun\u0103 c\u0103 \u201dnu e bine ce e \u00een \u021bar\u0103\u201d. Rom\u00e2nii din Diaspora nu sunt de acord cu nivelul de trai \u0219i cu evolu\u021bia Rom\u00e2niei din prezent. Diaspora nu accept\u0103 faptul c\u0103 un meseria\u0219 bun din Rom\u00e2nia poate c\u00e2\u0219tiga minim 1000 de euro pe lun\u0103.\u00a0 Dac\u0103 ar fi de acord c\u0103 Rom\u00e2nia func\u021bioneaz\u0103 bine, ar fi precum ar considera c\u0103 ei sunt pleca\u021bi degeaba afar\u0103. Cum s\u0103 recunoasc\u0103 faptul c\u0103 \u0219i rom\u00e2nii de acas\u0103 care muncesc o duc bine? P\u0103i ei de ce au plecat? Sau sunt pleca\u021bi? Ar fi o contestare a existen\u021bei lor \u00een afar\u0103. Votul din 2024 al Diasporei a fost cutremur\u0103tor, a fost un vot funebru, un vot de \u00eengropat o \u021bar\u0103, un popor. Nu a mai fost votul Occidentului, a fost vot Orientalist mistic.<\/p>\n<p>Nu, pentru Diaspora din prezent, Rom\u00e2nia este obligat\u0103 s\u0103 fie na\u0219pa. S\u0103 tr\u0103iasc\u0103 r\u0103u. S\u0103 nu func\u021bioneze. \u0218i mitul Diasporei salvatoare s\u0103 fie la mod\u0103. Numai c\u0103 nu mai are o utilitate. Cine mai ascult\u0103 de Diaspora asta? P\u0103rin\u021bii b\u0103tr\u00e2ni \u0219i c\u00e2teva rude. Restul, rom\u00e2nii din \u021bar\u0103 care tr\u0103iesc decent, al\u0103turi de propria familie, nu mai cred \u00een Diaspora Salvatoare. Un BMW bun, la m\u00e2na a doua, \u00eel poate cump\u0103ra \u0219i un rom\u00e2n care munce\u0219te \u00een \u021bar\u0103, nu doar unul din afara \u021b\u0103rii.<\/p>\n<p>Problema este acum la Diaspora. Dac\u0103 p\u00e2n\u0103 \u00een 2007-2009, votul lor era unul motivat, unul de trezire al rom\u00e2nilor, de aceast\u0103 dat\u0103 votul lor este din ce \u00een ce mai mult un vot \u00eempotriva Rom\u00e2niei, un vot al frustr\u0103rilor, un vot care face r\u0103u clasei de mijloc din Rom\u00e2nia. Nu mai e nevoie de Diaspora Salvatoare. Rom\u00e2nii din \u021bar\u0103 s-au auto-salvat \u0219i tr\u0103iesc decent \u00een \u021bar\u0103.<\/p>\n<p>Liviu POPESCU<\/p>\n","protected":false},"excerpt":{"rendered":"<p>Votul din Diaspora a fost mereu contrar votului din Rom\u00e2nia. P\u00e2n\u0103 la un punct a fost de \u00een\u021beles, el urmeaz\u0103 curba lui Gauss. Are o cre\u0219tere \u0219i o descre\u0219tere, o parte benign\u0103 \u0219i o parte malign\u0103. Matematic spus, 35 de ani, Rom\u00e2nia a urmat la r\u00e2ndul ei o curb\u0103 economic\u0103 \u0219i social\u0103. Exact prin simetrie&#8230;<\/p>\n","protected":false},"author":1,"featured_media":1034,"comment_status":"open","ping_status":"open","sticky":false,"template":"","format":"standard","meta":{"footnotes":""},"categories":[13,8],"tags":[236,237],"class_list":["post-1033","post","type-post","status-publish","format-standard","has-post-thumbnail","hentry","category-comunicate","category-social","tag-diaspora","tag-romania-alege"],"_links":{"self":[{"href":"https:\/\/obiectiv-valcean.ro\/index.php\/wp-json\/wp\/v2\/posts\/1033","targetHints":{"allow":["GET"]}}],"collection":[{"href":"https:\/\/obiectiv-valcean.ro\/index.php\/wp-json\/wp\/v2\/posts"}],"about":[{"href":"https:\/\/obiectiv-valcean.ro\/index.php\/wp-json\/wp\/v2\/types\/post"}],"author":[{"embeddable":true,"href":"https:\/\/obiectiv-valcean.ro\/index.php\/wp-json\/wp\/v2\/users\/1"}],"replies":[{"embeddable":true,"href":"https:\/\/obiectiv-valcean.ro\/index.php\/wp-json\/wp\/v2\/comments?post=1033"}],"version-history":[{"count":3,"href":"https:\/\/obiectiv-valcean.ro\/index.php\/wp-json\/wp\/v2\/posts\/1033\/revisions"}],"predecessor-version":[{"id":1037,"href":"https:\/\/obiectiv-valcean.ro\/index.php\/wp-json\/wp\/v2\/posts\/1033\/revisions\/1037"}],"wp:featuredmedia":[{"embeddable":true,"href":"https:\/\/obiectiv-valcean.ro\/index.php\/wp-json\/wp\/v2\/media\/1034"}],"wp:attachment":[{"href":"https:\/\/obiectiv-valcean.ro\/index.php\/wp-json\/wp\/v2\/media?parent=1033"}],"wp:term":[{"taxonomy":"category","embeddable":true,"href":"https:\/\/obiectiv-valcean.ro\/index.php\/wp-json\/wp\/v2\/categories?post=1033"},{"taxonomy":"post_tag","embeddable":true,"href":"https:\/\/obiectiv-valcean.ro\/index.php\/wp-json\/wp\/v2\/tags?post=1033"}],"curies":[{"name":"wp","href":"https:\/\/api.w.org\/{rel}","templated":true}]}}