{"id":1024,"date":"2025-01-31T14:24:55","date_gmt":"2025-01-31T14:24:55","guid":{"rendered":"https:\/\/obiectiv-valcean.ro\/?p=1024"},"modified":"2025-01-31T14:24:55","modified_gmt":"2025-01-31T14:24:55","slug":"cum-poate-depasi-romania-polarizarea-sociala","status":"publish","type":"post","link":"https:\/\/obiectiv-valcean.ro\/index.php\/2025\/01\/31\/cum-poate-depasi-romania-polarizarea-sociala\/","title":{"rendered":"Cum poate dep\u0103\u0219i Rom\u00e2nia polarizarea social\u0103?"},"content":{"rendered":"<p>Ne mai miram cum de Rom\u00e2nia s-a imp\u0103r\u021bit in dou\u0103, cum de au ap\u0103rut radicali\u0219tii care se intituleaz\u0103 suverani\u0219ti, cum de un candidat a capitalizat milioane de voturi sau cum de Rom\u00e2nia este pe muchia dezastrului economic. Cum de s-a polarizat asa de tare? P\u0103i simplu! Oamenii s-au s\u0103turat de promisiunile \u0219i ipocrizia ve\u0219nicilor domni din PSD, din PNL, de s\u0103r\u0103cie, de lipsa unei infrastructuri mari, de coruptia din institu\u021bii, de serviciile din s\u0103n\u0103tate, din inv\u0103\u021b\u0103m\u00e2nt, de diferentele salariale intre bugetari si priva\u021bi, de presiunea continu\u0103 si repetitiv\u0103 a cre\u0219terii taxelor si impozitelor asupra mediului privat \u0219i exemple sunt multe, multe. Oamenii au auzit cum PNL a pl\u0103tit campania lui Georgescu, iar PSD a dat voturi lui Simion, neav\u00e2nd o explica\u021bie logic\u0103 \u0219i exemple sunt destule&#8230;<\/p>\n<p>A\u0219a c\u0103, societatea are un sentiment tot mai puternic de dezgust fa\u021b\u0103 de politicienii care nu reu\u0219esc s\u0103 r\u0103spund\u0103 nevoilor \u0219i a\u0219tept\u0103rilor lor. Problemele economice \u0219i sociale, precum infla\u021bia, cre\u0219terea costului vie\u021bii, dar \u0219i situa\u021bia precar\u0103 a multor servicii publice, ad\u00e2ncesc acest sentiment de distan\u021b\u0103 \u00eentre politic\u0103 \u0219i realit\u0103\u021bi.<\/p>\n<p>In perioada asta pe care o travers\u0103m, c\u00e2nd politicul se bate cu serviciile, c\u00e2nd un pre\u0219edinte este absent de at\u00e2\u021bia ani \u0219i ocup\u0103 cu nesim\u021bire \u0219i dezinteresat de soarta \u021b\u0103rii scaunul de la Cotroceni, in timp ce toat\u0103 lumea \u00eei vrea plecarea, cand institu\u021bii importante ale statului nu dau publicit\u0103\u021bii informa\u021bii cu privire la finan\u021barea campaniei electorale derulat\u0103 de C\u0103lin Georgescu, acest \u201dMesia\u201d care a \u201dinfectat\u201d un sfert de \u021bar\u0103 cu declara\u021bii catastrofale, iar cea \u00cen care spune despre \u00eemp\u0103r\u021birea teritoriilor ucrainiene este de neimaginat, arunc\u00e2nd Rom\u00e2nia \u00eentr-o situa\u021bie critic\u0103.<\/p>\n<p>Politicienii nu au \u00eenteles nimic din sanc\u021biunea pe care au primit-o la alegeri. Nu au luat m\u0103suri care s\u0103 conving\u0103 electoratul nehot\u0103r\u00e2t. Dimpotriv\u0103, acela\u0219i Ciolacu \u2013 premier, un Crin Antonescu \u2013 candidat comun (dar care nu e prea pl\u0103cut de electoratul coali\u021biei). Lasconi e convins\u0103 c\u0103 ar avea acela\u0219i scor, in condi\u021biile \u00een care Nicu\u0219or Dan are un procent bunicel, iar de Georgescu \u0219tim cu to\u021bii. Vedem la televizor cum afaceristi sus\u021bin cum i-au dat milioane de euro, iar el declar\u0103 zero cheltuieli. A\u0219adar, votan\u021bii Pro Europa sunt imp\u0103r\u021bi\u021bi la mai multi candida\u021bi, iar suverani\u0219tii si na\u021bionalistii merg cu un singur candidat (Georgescu sau Simion). Vom vedea dac\u0103 \u0219i Ponta (groparul V\u00e2lcii) va candida, acesta lu\u00e2nd voturi din PSD si AUR.<\/p>\n<p>Senatul \u0219i Camera Deputa\u021bilor ar face niste restructur\u0103ri, prin comasarea unor ministere, dar insufcient in compara\u021bie cu cheltuielile. Asta, in timp ce, \u00een teritoriu, prin Consiliile Jude\u021bene si Prefecturi si Prim\u0103rii, colc\u0103ie de bugetari care nu i\u0219i justific\u0103 salariile babane.<\/p>\n<p>Aud c\u0103 liberalii preg\u0103tesc un proiect de lege prin care s\u0103 reduc\u0103\u00a0num\u0103rul de parlamentari\u00a0de la 464, c\u00e2\u021bi avem acum, la 300 \u2013 iar dac\u0103 asta se va \u00eent\u00e2mpla, abia atunci popula\u021bia ar c\u0103p\u0103ta putin\u0103 \u00eencredere, dar c\u00e2nd vor vedea o astfel de m\u0103sur\u0103?<\/p>\n<p>Dar, p\u00e2n\u0103 atunci, popula\u021bia vede cum directori si salaria\u021bi din Romsilva iau salarii de neinchipuit, salarii compensatorii exorbitante, prime si bonusuri de milioane de euro. Este de neimaginat acest lucru, mai ales in condi\u021biile \u00een care peste jum\u0103tate din Direc\u021biile Silvice din Rom\u00e2nia ast\u0103zi sunt pe pierdere, nu reu\u0219esc s\u0103 ias\u0103 nici m\u0103car pe zero la sf\u00e2r\u0219itul anului.<\/p>\n<p>Pe de alt\u0103, parte este \u0219i mediul privat, care trebuie s\u0103 tin\u0103 \u00een spinare multe cheltuieli ale Guvernului. Salaria\u021bii din mediul privat se uit\u0103 cu indignare la salariile bugetarilor \u0219i la bonusurile acestora, in timp ce veniturilor lor sunt foarte, foarte mici, in raport cu ale acestora. M\u0103ririle de taxe \u0219i ajust\u0103rile fiscale au fost implementate ca m\u0103suri pentru a compensa deficitul bugetar \u0219i pentru a finan\u021ba cheltuielile statului, \u00eens\u0103 impactul asupra sectorului privat va fi puternic afectat \u00een urma cre\u0219terilor taxelor, iar aceast\u0103 presiune fiscal\u0103 genereaz\u0103 dificult\u0103\u021bi considerabile pentru multe afaceri, \u00een special pentru \u00eentreprinderile mici \u0219i mijlocii.<\/p>\n<p>Cert este c\u0103, avem \u00een \u021bar\u0103 o <strong>instabilitate economic\u0103<\/strong>, (din cauza incertitudinii legate de schimb\u0103ri fiscale \u0219i politice frecvente, care fac dificil\u0103 planificarea pe termen lung a afacerilor), o <strong>instabilitate social\u0103<\/strong>, (care se reflect\u0103 at\u00e2t in \u200b\u200bnemul\u021bumirile cet\u0103\u021benilor fa\u021b\u0103 de politic\u0103 guvernamental\u0103, lipsa transparen\u021bei, corup\u021bia,majoraea preturilor \u0219i a costului vie\u021bii, \u0219i mai nou &#8211; <strong>polarizarea social\u0103<\/strong>.<\/p>\n<p>Aceast\u0103 polarizare este foarte grav\u0103 pentru c\u0103 duce la lipsa unui consens social, cu privire la solu\u021biile pentru problemele majore ale \u021b\u0103rii, iar dac\u0103 nu este gestionat\u0103 corect, poate avea efecte devastatoare pe termen lung.<\/p>\n<p>Trist este c\u0103 nu se ia nicio m\u0103sur\u0103, nu se face nimic concret pentru a calma sociatatea, pentru a diminua tensiunile, iar \u00een acest timp aceste tensiuni cresc.<\/p>\n<p>Dac\u0103 mai vor \u00eencrederea societ\u0103\u021bii, \u00a0autorit\u0103\u021bile \u0219i clasa politic\u0103 trebuie s\u0103 lase dracu interesele proprii \u0219i s\u0103 gestioneze aceast\u0103 polarizare, oferind solu\u021bii pentru problemele reale ale cet\u0103\u021benilor, precum \u0219i politici care s\u0103 reduc\u0103 inegalit\u0103\u021bile din toate domeniile.<\/p>\n<p>&nbsp;<\/p>\n<p>Claudia POPA<\/p>\n","protected":false},"excerpt":{"rendered":"<p>Ne mai miram cum de Rom\u00e2nia s-a imp\u0103r\u021bit in dou\u0103, cum de au ap\u0103rut radicali\u0219tii care se intituleaz\u0103 suverani\u0219ti, cum de un candidat a capitalizat milioane de voturi sau cum de Rom\u00e2nia este pe muchia dezastrului economic. Cum de s-a polarizat asa de tare? P\u0103i simplu! Oamenii s-au s\u0103turat de promisiunile \u0219i ipocrizia ve\u0219nicilor domni&#8230;<\/p>\n","protected":false},"author":1,"featured_media":1026,"comment_status":"open","ping_status":"open","sticky":false,"template":"","format":"standard","meta":{"footnotes":""},"categories":[3,7,8],"tags":[],"class_list":["post-1024","post","type-post","status-publish","format-standard","has-post-thumbnail","hentry","category-actualitate","category-opinii","category-social"],"_links":{"self":[{"href":"https:\/\/obiectiv-valcean.ro\/index.php\/wp-json\/wp\/v2\/posts\/1024","targetHints":{"allow":["GET"]}}],"collection":[{"href":"https:\/\/obiectiv-valcean.ro\/index.php\/wp-json\/wp\/v2\/posts"}],"about":[{"href":"https:\/\/obiectiv-valcean.ro\/index.php\/wp-json\/wp\/v2\/types\/post"}],"author":[{"embeddable":true,"href":"https:\/\/obiectiv-valcean.ro\/index.php\/wp-json\/wp\/v2\/users\/1"}],"replies":[{"embeddable":true,"href":"https:\/\/obiectiv-valcean.ro\/index.php\/wp-json\/wp\/v2\/comments?post=1024"}],"version-history":[{"count":1,"href":"https:\/\/obiectiv-valcean.ro\/index.php\/wp-json\/wp\/v2\/posts\/1024\/revisions"}],"predecessor-version":[{"id":1027,"href":"https:\/\/obiectiv-valcean.ro\/index.php\/wp-json\/wp\/v2\/posts\/1024\/revisions\/1027"}],"wp:featuredmedia":[{"embeddable":true,"href":"https:\/\/obiectiv-valcean.ro\/index.php\/wp-json\/wp\/v2\/media\/1026"}],"wp:attachment":[{"href":"https:\/\/obiectiv-valcean.ro\/index.php\/wp-json\/wp\/v2\/media?parent=1024"}],"wp:term":[{"taxonomy":"category","embeddable":true,"href":"https:\/\/obiectiv-valcean.ro\/index.php\/wp-json\/wp\/v2\/categories?post=1024"},{"taxonomy":"post_tag","embeddable":true,"href":"https:\/\/obiectiv-valcean.ro\/index.php\/wp-json\/wp\/v2\/tags?post=1024"}],"curies":[{"name":"wp","href":"https:\/\/api.w.org\/{rel}","templated":true}]}}