{"id":1011,"date":"2025-01-29T13:51:49","date_gmt":"2025-01-29T13:51:49","guid":{"rendered":"https:\/\/obiectiv-valcean.ro\/?p=1011"},"modified":"2025-01-29T13:52:54","modified_gmt":"2025-01-29T13:52:54","slug":"pregatiri-pentru-o-noua-editie-ride-the-vibe-cel-mai-mare-festival-moto-din-romania","status":"publish","type":"post","link":"https:\/\/obiectiv-valcean.ro\/index.php\/2025\/01\/29\/pregatiri-pentru-o-noua-editie-ride-the-vibe-cel-mai-mare-festival-moto-din-romania\/","title":{"rendered":"Preg\u0103tiri pentru o nou\u0103 edi\u021bie RIDE THE VIBE \u2013 cel mai mare festival moto din Rom\u00e2nia!"},"content":{"rendered":"<div style=\"width: 640px;\" class=\"wp-video\"><video class=\"wp-video-shortcode\" id=\"video-1011-1\" width=\"640\" height=\"1138\" preload=\"metadata\" controls=\"controls\"><source type=\"video\/mp4\" src=\"https:\/\/obiectiv-valcean.ro\/wp-content\/uploads\/2025\/01\/Clip-video-WhatsApp-2025-01-28-la-17.22.26_a04efc51.mp4?_=1\" \/><a href=\"https:\/\/obiectiv-valcean.ro\/wp-content\/uploads\/2025\/01\/Clip-video-WhatsApp-2025-01-28-la-17.22.26_a04efc51.mp4\">https:\/\/obiectiv-valcean.ro\/wp-content\/uploads\/2025\/01\/Clip-video-WhatsApp-2025-01-28-la-17.22.26_a04efc51.mp4<\/a><\/video><\/div>\n<p>Consiliul Jude\u021bean sprijin\u0103 evenimentul RIDE THE VIBE, care urmeaz\u0103 se se desf\u0103\u0219oare \u0219i in acest an. Constantin R\u0103dulescu, pre\u0219edintele CJ V\u00e2lcea a declarat c\u0103 \u201d&#8230; m-am \u00eent\u00e2lnit cu Tata Flo, organizatorul acestui eveniment moto spectaculos, care anul trecut a atras mii de motocicli\u0219ti la Coste\u0219ti.\u00a0Am stabilit ca edi\u021bia de anul acesta s\u0103 se desf\u0103\u0219oare \u00een perioada 3-6 iulie \u0219i deja ne preg\u0103tim pentru un festival interesant \u0219i plin cu surprize.\u00a0Ne bucur\u0103m s\u0103 fim parteneri ai acestui eveniment extraordinar care promoveaz\u0103 jude\u021bul nostru \u0219i aduce, la V\u00e2lcea, pasiona\u021bi moto din toat\u0103 \u021bara!\u201d<\/p>\n","protected":false},"excerpt":{"rendered":"<p>Consiliul Jude\u021bean sprijin\u0103 evenimentul RIDE THE VIBE, care urmeaz\u0103 se se desf\u0103\u0219oare \u0219i in acest an. Constantin R\u0103dulescu, pre\u0219edintele CJ V\u00e2lcea a declarat c\u0103 \u201d&#8230; m-am \u00eent\u00e2lnit cu Tata Flo, organizatorul acestui eveniment moto spectaculos, care anul trecut a atras mii de motocicli\u0219ti la Coste\u0219ti.\u00a0Am stabilit ca edi\u021bia de anul acesta s\u0103 se desf\u0103\u0219oare \u00een&#8230;<\/p>\n","protected":false},"author":1,"featured_media":0,"comment_status":"open","ping_status":"open","sticky":false,"template":"","format":"standard","meta":{"footnotes":""},"categories":[13],"tags":[],"class_list":["post-1011","post","type-post","status-publish","format-standard","hentry","category-comunicate"],"_links":{"self":[{"href":"https:\/\/obiectiv-valcean.ro\/index.php\/wp-json\/wp\/v2\/posts\/1011","targetHints":{"allow":["GET"]}}],"collection":[{"href":"https:\/\/obiectiv-valcean.ro\/index.php\/wp-json\/wp\/v2\/posts"}],"about":[{"href":"https:\/\/obiectiv-valcean.ro\/index.php\/wp-json\/wp\/v2\/types\/post"}],"author":[{"embeddable":true,"href":"https:\/\/obiectiv-valcean.ro\/index.php\/wp-json\/wp\/v2\/users\/1"}],"replies":[{"embeddable":true,"href":"https:\/\/obiectiv-valcean.ro\/index.php\/wp-json\/wp\/v2\/comments?post=1011"}],"version-history":[{"count":1,"href":"https:\/\/obiectiv-valcean.ro\/index.php\/wp-json\/wp\/v2\/posts\/1011\/revisions"}],"predecessor-version":[{"id":1014,"href":"https:\/\/obiectiv-valcean.ro\/index.php\/wp-json\/wp\/v2\/posts\/1011\/revisions\/1014"}],"wp:attachment":[{"href":"https:\/\/obiectiv-valcean.ro\/index.php\/wp-json\/wp\/v2\/media?parent=1011"}],"wp:term":[{"taxonomy":"category","embeddable":true,"href":"https:\/\/obiectiv-valcean.ro\/index.php\/wp-json\/wp\/v2\/categories?post=1011"},{"taxonomy":"post_tag","embeddable":true,"href":"https:\/\/obiectiv-valcean.ro\/index.php\/wp-json\/wp\/v2\/tags?post=1011"}],"curies":[{"name":"wp","href":"https:\/\/api.w.org\/{rel}","templated":true}]}}