{"id":1004,"date":"2025-01-22T12:45:36","date_gmt":"2025-01-22T12:45:36","guid":{"rendered":"https:\/\/obiectiv-valcean.ro\/?p=1004"},"modified":"2025-01-22T12:45:36","modified_gmt":"2025-01-22T12:45:36","slug":"inca-un-cetatean-al-ramnicului-a-intrat-in-clubul-centenarilor","status":"publish","type":"post","link":"https:\/\/obiectiv-valcean.ro\/index.php\/2025\/01\/22\/inca-un-cetatean-al-ramnicului-a-intrat-in-clubul-centenarilor\/","title":{"rendered":"\u00cenc\u0103 un cet\u0103\u021bean al R\u00e2mnicului a intrat \u00een Clubul Centenarilor"},"content":{"rendered":"<p>De loc din jude\u021bul Alba, dar r\u00e2mniceanc\u0103 de mai multe decenii, doamna Maria M. este primul locuitor al municipiului s\u0103rb\u0103torit \u00een acest an de prim\u0103rie cu ocazia \u00eemplinirii v\u00e2rstei de 100 de ani. Ca urmare, pe 18 ianuarie, de ziua sa de na\u0219tere, doamna Maria i-a primit la domiciliul s\u0103u din cartierul Traian pe reprezentan\u021bii Municipalit\u0103\u021bii care i-au adus flori, o diplom\u0103 \u201eV\u00e2rsta de Aur\u201d, precum \u0219i un dar const\u00e2nd \u00een suma de 1000 de lei. \u00cen cursul anului trecut, Prim\u0103ria Municipiului a premiat trei locuitori ai R\u00e2mnicului cu ocazia \u00eemplinirii unor v\u00e2rste centenare, \u00eentr-o ac\u021biune de tradi\u021bie prin care comunitatea local\u0103 \u00ee\u0219i exprim\u0103 sentimentele de respect la adresa celor mai v\u00e2rstnici membri ai s\u0103i.<\/p>\n<p>&nbsp;<\/p>\n<p>Biroul de Pres\u0103<\/p>\n","protected":false},"excerpt":{"rendered":"<p>De loc din jude\u021bul Alba, dar r\u00e2mniceanc\u0103 de mai multe decenii, doamna Maria M. este primul locuitor al municipiului s\u0103rb\u0103torit \u00een acest an de prim\u0103rie cu ocazia \u00eemplinirii v\u00e2rstei de 100 de ani. Ca urmare, pe 18 ianuarie, de ziua sa de na\u0219tere, doamna Maria i-a primit la domiciliul s\u0103u din cartierul Traian pe reprezentan\u021bii&#8230;<\/p>\n","protected":false},"author":1,"featured_media":1005,"comment_status":"open","ping_status":"open","sticky":false,"template":"","format":"standard","meta":{"footnotes":""},"categories":[13],"tags":[],"class_list":["post-1004","post","type-post","status-publish","format-standard","has-post-thumbnail","hentry","category-comunicate"],"_links":{"self":[{"href":"https:\/\/obiectiv-valcean.ro\/index.php\/wp-json\/wp\/v2\/posts\/1004","targetHints":{"allow":["GET"]}}],"collection":[{"href":"https:\/\/obiectiv-valcean.ro\/index.php\/wp-json\/wp\/v2\/posts"}],"about":[{"href":"https:\/\/obiectiv-valcean.ro\/index.php\/wp-json\/wp\/v2\/types\/post"}],"author":[{"embeddable":true,"href":"https:\/\/obiectiv-valcean.ro\/index.php\/wp-json\/wp\/v2\/users\/1"}],"replies":[{"embeddable":true,"href":"https:\/\/obiectiv-valcean.ro\/index.php\/wp-json\/wp\/v2\/comments?post=1004"}],"version-history":[{"count":1,"href":"https:\/\/obiectiv-valcean.ro\/index.php\/wp-json\/wp\/v2\/posts\/1004\/revisions"}],"predecessor-version":[{"id":1006,"href":"https:\/\/obiectiv-valcean.ro\/index.php\/wp-json\/wp\/v2\/posts\/1004\/revisions\/1006"}],"wp:featuredmedia":[{"embeddable":true,"href":"https:\/\/obiectiv-valcean.ro\/index.php\/wp-json\/wp\/v2\/media\/1005"}],"wp:attachment":[{"href":"https:\/\/obiectiv-valcean.ro\/index.php\/wp-json\/wp\/v2\/media?parent=1004"}],"wp:term":[{"taxonomy":"category","embeddable":true,"href":"https:\/\/obiectiv-valcean.ro\/index.php\/wp-json\/wp\/v2\/categories?post=1004"},{"taxonomy":"post_tag","embeddable":true,"href":"https:\/\/obiectiv-valcean.ro\/index.php\/wp-json\/wp\/v2\/tags?post=1004"}],"curies":[{"name":"wp","href":"https:\/\/api.w.org\/{rel}","templated":true}]}}