{"id":1002,"date":"2025-01-21T14:34:53","date_gmt":"2025-01-21T14:34:53","guid":{"rendered":"https:\/\/obiectiv-valcean.ro\/?p=1002"},"modified":"2025-01-21T14:34:53","modified_gmt":"2025-01-21T14:34:53","slug":"ion-nicolae-are-in-vedere-dezvoltarea-turismului-si-atragerea-de-investitori-la-caineni","status":"publish","type":"post","link":"https:\/\/obiectiv-valcean.ro\/index.php\/2025\/01\/21\/ion-nicolae-are-in-vedere-dezvoltarea-turismului-si-atragerea-de-investitori-la-caineni\/","title":{"rendered":"Ion Nicolae are in vedere dezvoltarea turismului si atragerea de investitori la C\u00e2ineni"},"content":{"rendered":"<p>\u00cenc\u0103 de la inceputul anului , la C\u00e2ineni, continu\u0103 lucr\u0103rile la re\u021belele de ap\u0103 \u0219i canal, iar primarului localit\u0103\u021bii, Ion Nicolae spune c\u0103 acestea au ajuns deja la 50% grad de execu\u021bie. Investi\u021bia se deruleaza prin programul national Anghel Saligny, iar \u00een cursul anului se va finaliza. Edilul mai spune c\u0103 a inceput si implementarea proiectului privind iluminatul public pe baz\u0103 de leduri \u0219i telegestiune. In ceea ce prive\u0219te infrastructura educa\u021bional\u0103, \u00een scurt timp se vor finaliza \u0219i lucr\u0103rile de reabilitare la \u0219coala din C\u00e2inenii Mici, cu aceasta incheindu-se \u0219i infrastructura educa\u021bional\u0103 din comun\u0103.<\/p>\n<p>Ion Nicolae are in vedere dezvoltarea turismului si atragerea de investitori pe raza Comunei sale, acestea fiind primordiale \u00een dezvoltarea economiei \u0219i ridicarea nivelului de trai.<\/p>\n<p>Comuna C\u00e2ineni se afl\u0103 de ani buni \u00een clasamentul turistic al destina\u021biilor v\u00e2lcene, cu un num\u0103r \u00een cre\u0219tere al turi\u0219tilor. Fiind nu doar o frumoas\u0103 localitate montan\u0103, ci \u0219i poarta de acces spre Masivul F\u0103g\u0103ra\u0219.<\/p>\n<p>Primarul Ion Nicolae spune c\u0103 num\u0103rul turi\u0219tilor va cre\u0219te cu adev\u0103rat odat\u0103 cu finalizarea autostr\u0103zii \u0219i nu doar al turi\u0219tilor ci \u0219i al celor care doresc aici o cas\u0103 de vacan\u021b\u0103, o locuin\u021b\u0103 permanent\u0103, dat fiind faptul c\u0103 aceast\u0103 comun\u0103 se va afla la doar 2 ore de capital\u0103.<\/p>\n<p>C.P.<\/p>\n","protected":false},"excerpt":{"rendered":"<p>\u00cenc\u0103 de la inceputul anului , la C\u00e2ineni, continu\u0103 lucr\u0103rile la re\u021belele de ap\u0103 \u0219i canal, iar primarului localit\u0103\u021bii, Ion Nicolae spune c\u0103 acestea au ajuns deja la 50% grad de execu\u021bie. Investi\u021bia se deruleaza prin programul national Anghel Saligny, iar \u00een cursul anului se va finaliza. Edilul mai spune c\u0103 a inceput si implementarea&#8230;<\/p>\n","protected":false},"author":1,"featured_media":989,"comment_status":"open","ping_status":"open","sticky":false,"template":"","format":"standard","meta":{"footnotes":""},"categories":[2],"tags":[],"class_list":["post-1002","post","type-post","status-publish","format-standard","has-post-thumbnail","hentry","category-administratie"],"_links":{"self":[{"href":"https:\/\/obiectiv-valcean.ro\/index.php\/wp-json\/wp\/v2\/posts\/1002","targetHints":{"allow":["GET"]}}],"collection":[{"href":"https:\/\/obiectiv-valcean.ro\/index.php\/wp-json\/wp\/v2\/posts"}],"about":[{"href":"https:\/\/obiectiv-valcean.ro\/index.php\/wp-json\/wp\/v2\/types\/post"}],"author":[{"embeddable":true,"href":"https:\/\/obiectiv-valcean.ro\/index.php\/wp-json\/wp\/v2\/users\/1"}],"replies":[{"embeddable":true,"href":"https:\/\/obiectiv-valcean.ro\/index.php\/wp-json\/wp\/v2\/comments?post=1002"}],"version-history":[{"count":1,"href":"https:\/\/obiectiv-valcean.ro\/index.php\/wp-json\/wp\/v2\/posts\/1002\/revisions"}],"predecessor-version":[{"id":1003,"href":"https:\/\/obiectiv-valcean.ro\/index.php\/wp-json\/wp\/v2\/posts\/1002\/revisions\/1003"}],"wp:featuredmedia":[{"embeddable":true,"href":"https:\/\/obiectiv-valcean.ro\/index.php\/wp-json\/wp\/v2\/media\/989"}],"wp:attachment":[{"href":"https:\/\/obiectiv-valcean.ro\/index.php\/wp-json\/wp\/v2\/media?parent=1002"}],"wp:term":[{"taxonomy":"category","embeddable":true,"href":"https:\/\/obiectiv-valcean.ro\/index.php\/wp-json\/wp\/v2\/categories?post=1002"},{"taxonomy":"post_tag","embeddable":true,"href":"https:\/\/obiectiv-valcean.ro\/index.php\/wp-json\/wp\/v2\/tags?post=1002"}],"curies":[{"name":"wp","href":"https:\/\/api.w.org\/{rel}","templated":true}]}}